{"id":137569,"date":"2013-06-21T14:04:05","date_gmt":"2013-06-21T12:04:05","guid":{"rendered":"http:\/\/www.radioluna.it\/news\/?p=137569"},"modified":"2013-06-21T14:04:05","modified_gmt":"2013-06-21T12:04:05","slug":"jefferson-e-del-latina-lattaccante-brasiliano-resta","status":"publish","type":"post","link":"https:\/\/www.radioluna.it\/news\/2013\/06\/jefferson-e-del-latina-lattaccante-brasiliano-resta\/","title":{"rendered":"JEFFERSON E&#8217; DEL LATINA<BR> L&#8217;attaccante brasiliano resta"},"content":{"rendered":"<div id=\"fb-root\"><\/div>\n<div id=\"attachment_137570\" style=\"width: 310px\" class=\"wp-caption alignleft\"><a href=\"http:\/\/www.radioluna.it\/news\/wp-content\/uploads\/2013\/06\/Jefferson-elevazione-.jpg\"><img loading=\"lazy\" decoding=\"async\" aria-describedby=\"caption-attachment-137570\" class=\"size-medium wp-image-137570\" alt=\"JEFFERSON\" src=\"http:\/\/www.radioluna.it\/news\/wp-content\/uploads\/2013\/06\/Jefferson-elevazione--300x200.jpg\" width=\"300\" height=\"200\" srcset=\"https:\/\/www.radioluna.it\/news\/wp-content\/uploads\/2013\/06\/Jefferson-elevazione--300x200.jpg 300w, https:\/\/www.radioluna.it\/news\/wp-content\/uploads\/2013\/06\/Jefferson-elevazione--500x333.jpg 500w, https:\/\/www.radioluna.it\/news\/wp-content\/uploads\/2013\/06\/Jefferson-elevazione--600x400.jpg 600w, https:\/\/www.radioluna.it\/news\/wp-content\/uploads\/2013\/06\/Jefferson-elevazione-.jpg 750w\" sizes=\"auto, (max-width: 300px) 100vw, 300px\" \/><\/a><p id=\"caption-attachment-137570\" class=\"wp-caption-text\">JEFFERSON<\/p><\/div>\n<p style=\"text-align: justify;\">\u00a0LATINA &#8211;\u00a0Primi verdetti per il Latina dall&#8217;Ata Hotel di Milano, sede storica del calciomercato professionistico italiano. Nella tarda serata di ieri, nel corso della giornata dedicata alla risoluzione delle compropriet\u00e0, il club nerazzurro avvalendosi dell&#8217;operato del diesse Mauro Facci si \u00e8 aggiudicata alle buste la propriet\u00e0 di Andrade Siqueira Jefferson, l&#8217;attaccante brasiliano fino a ieri in compartecipazione con la Fiorentina. Jefferson rimarr\u00e0 del Latina fino al giugno del 2014. Riscattato dalla Reggina, invece, l&#8217;attaccante esterno Manuel Angelilli.<\/p>\n<p style=\"text-align: justify;\">\n<div class=\"radio-posizionamento-telefono-in-articoli-dopo-il-contenuto-articolo radio-entity-placement\" id=\"radio-1357390766\"><div id=\"radio-2900329509\" style=\"width: 300px;height: 250px;\"><a href=\"https:\/\/www.icarspa.it\/auto\/usate\/latina\/\" aria-label=\"banner aprile icar new life &#8211; auto usate latina\"><img loading=\"lazy\" decoding=\"async\" src=\"https:\/\/www.radioluna.it\/news\/wp-content\/uploads\/2026\/02\/banner-aprile-icar-new-life-auto-usate-latina.gif\" alt=\"\"  width=\"300\" height=\"250\"   \/><\/a><\/div><\/div>","protected":false},"excerpt":{"rendered":"<p>\u00a0LATINA &#8211;\u00a0Primi verdetti per il Latina dall&#8217;Ata Hotel di Milano, sede storica del calciomercato professionistico italiano. Nella tarda serata di ieri, nel corso della giornata dedicata alla risoluzione delle compropriet\u00e0, il club nerazzurro avvalendosi dell&#8217;operato del diesse Mauro Facci si \u00e8 aggiudicata alle buste la propriet\u00e0 di Andrade Siqueira Jefferson, l&#8217;attaccante brasiliano fino a ieri [&hellip;]<\/p>\n","protected":false},"author":60,"featured_media":137570,"comment_status":"open","ping_status":"closed","sticky":false,"template":"","format":"standard","meta":{"footnotes":""},"categories":[17],"tags":[],"class_list":["post-137569","post","type-post","status-publish","format-standard","has-post-thumbnail","hentry","category-sport"],"_links":{"self":[{"href":"https:\/\/www.radioluna.it\/news\/wp-json\/wp\/v2\/posts\/137569","targetHints":{"allow":["GET"]}}],"collection":[{"href":"https:\/\/www.radioluna.it\/news\/wp-json\/wp\/v2\/posts"}],"about":[{"href":"https:\/\/www.radioluna.it\/news\/wp-json\/wp\/v2\/types\/post"}],"author":[{"embeddable":true,"href":"https:\/\/www.radioluna.it\/news\/wp-json\/wp\/v2\/users\/60"}],"replies":[{"embeddable":true,"href":"https:\/\/www.radioluna.it\/news\/wp-json\/wp\/v2\/comments?post=137569"}],"version-history":[{"count":0,"href":"https:\/\/www.radioluna.it\/news\/wp-json\/wp\/v2\/posts\/137569\/revisions"}],"wp:featuredmedia":[{"embeddable":true,"href":"https:\/\/www.radioluna.it\/news\/wp-json\/wp\/v2\/media\/137570"}],"wp:attachment":[{"href":"https:\/\/www.radioluna.it\/news\/wp-json\/wp\/v2\/media?parent=137569"}],"wp:term":[{"taxonomy":"category","embeddable":true,"href":"https:\/\/www.radioluna.it\/news\/wp-json\/wp\/v2\/categories?post=137569"},{"taxonomy":"post_tag","embeddable":true,"href":"https:\/\/www.radioluna.it\/news\/wp-json\/wp\/v2\/tags?post=137569"}],"curies":[{"name":"wp","href":"https:\/\/api.w.org\/{rel}","templated":true}]}}