{"id":137599,"date":"2013-06-22T09:42:08","date_gmt":"2013-06-22T07:42:08","guid":{"rendered":"http:\/\/www.radioluna.it\/news\/?p=137599"},"modified":"2013-06-22T09:42:08","modified_gmt":"2013-06-22T07:42:08","slug":"calcio-marcolin-in-pole-per-la-panchina-piace-il-centrocampista-lazarevic","status":"publish","type":"post","link":"https:\/\/www.radioluna.it\/news\/2013\/06\/calcio-marcolin-in-pole-per-la-panchina-piace-il-centrocampista-lazarevic\/","title":{"rendered":"CALCIO: MARCOLIN IN POLE PER LA PANCHINA,  Piace il centrocampista Lazarevic"},"content":{"rendered":"<div id=\"fb-root\"><\/div>\n<div id=\"attachment_124762\" style=\"width: 160px\" class=\"wp-caption alignleft\"><a href=\"http:\/\/www.radioluna.it\/news\/wp-content\/uploads\/2012\/09\/Paola-Cavicchi.jpg\"><img loading=\"lazy\" decoding=\"async\" aria-describedby=\"caption-attachment-124762\" class=\"size-thumbnail wp-image-124762\" alt=\"Il neopresidente Paola Cavicchi\" src=\"http:\/\/www.radioluna.it\/news\/wp-content\/uploads\/2012\/09\/Paola-Cavicchi-150x150.jpg\" width=\"150\" height=\"150\" \/><\/a><p id=\"caption-attachment-124762\" class=\"wp-caption-text\">Il presidente Paola Cavicchi<\/p><\/div>\n<p>LATINA-\u00a0In pole position per guidare il Latina in serie B c\u2019\u00e8 l\u2019ex allenatore del Modena Dario Marcolin che ieri ha incontrato il presidente del club nerazzurro Paola Cavicchi, le parti si sono aggiornate anche se c\u2019\u00e8 da aggiungere che l\u2019ipotesi Zdenek Zeman continua ad essere suggestiva dopo che c\u2019era stato nei giorni scorsi un contatto con il boemo ma appare difficile da percorrere. \u00a0La societ\u00e0 nerazzurra intanto ha messo gli occhi su Dario Maltese centrocampista del Viareggio riscattato dal Palermo e poi su Dejan Lazarevic, centrocampista in forza l\u2019anno scorso a Modena (dove c\u2019era proprio Marcolin in panchina) e che \u00e8 esploso con l\u2019ex della Lazio. Proprio l&#8217;interessamento al giocatore sloveno rende sempre pi\u00f9 concreta l&#8217;ipotesi di vedere Marcolin sulla panchina nerazzurra. \u00a0Lazarevic \u00e8 cresciuto nelle giovanili del Genoa e poi ha giocato nel Torino e nel Padova. Il Latina inoltre \u00e8 interessato, come riportato da Tuttomercato anche a Cris Miglietta centrocampista in scadenza di contratto con la Ternana ma su cui ha messo gli occhi anche il Cesena. La societ\u00e0 nerazzurra \u00e8 molto attiva e ha chiesto inoltre al Genoa in prestito anche il potente difensore Alberto Marchiori (\u201992) che ha esordito in serie A ad appena 18 anni e che \u00e8 stato capitano del Genoa Primavera.<\/p>\n<p>IL DIVORZIO Con Stefano Sanderra l&#8217;allenatore che \u00e8 riuscito in tre imprese memorabili (promozione in C1 nel 2011, salvezza ai play out l&#8217;anno scorso e ora la B), \u00e8 scontato il divorzio. Dopo che nei giorni scorsi c&#8217;era stato un contatto con Zdenek Zeman la societ\u00e0 si sta concentrando proprio su Marcolin. Per quanto riguarda le scadenze da luned\u00ec si parler\u00e0 del rinnovo di Burrai e poi anche del contratto di Cejas.<\/p>\n<div class=\"radio-posizionamento-telefono-in-articoli-dopo-il-contenuto-articolo radio-entity-placement\" id=\"radio-3836766705\"><div id=\"radio-145728433\" style=\"width: 300px;height: 250px;\"><a href=\"https:\/\/www.icarspa.it\/auto\/usate\/latina\/\" aria-label=\"banner aprile icar new life &#8211; auto usate latina\"><img loading=\"lazy\" decoding=\"async\" src=\"https:\/\/www.radioluna.it\/news\/wp-content\/uploads\/2026\/02\/banner-aprile-icar-new-life-auto-usate-latina.gif\" alt=\"\"  width=\"300\" height=\"250\"   \/><\/a><\/div><\/div>","protected":false},"excerpt":{"rendered":"<p>LATINA-\u00a0In pole position per guidare il Latina in serie B c\u2019\u00e8 l\u2019ex allenatore del Modena Dario Marcolin che ieri ha incontrato il presidente del club nerazzurro Paola Cavicchi, le parti si sono aggiornate anche se c\u2019\u00e8 da aggiungere che l\u2019ipotesi Zdenek Zeman continua ad essere suggestiva dopo che c\u2019era stato nei giorni scorsi un contatto [&hellip;]<\/p>\n","protected":false},"author":60,"featured_media":0,"comment_status":"open","ping_status":"closed","sticky":false,"template":"","format":"standard","meta":{"footnotes":""},"categories":[17],"tags":[],"class_list":["post-137599","post","type-post","status-publish","format-standard","hentry","category-sport"],"_links":{"self":[{"href":"https:\/\/www.radioluna.it\/news\/wp-json\/wp\/v2\/posts\/137599","targetHints":{"allow":["GET"]}}],"collection":[{"href":"https:\/\/www.radioluna.it\/news\/wp-json\/wp\/v2\/posts"}],"about":[{"href":"https:\/\/www.radioluna.it\/news\/wp-json\/wp\/v2\/types\/post"}],"author":[{"embeddable":true,"href":"https:\/\/www.radioluna.it\/news\/wp-json\/wp\/v2\/users\/60"}],"replies":[{"embeddable":true,"href":"https:\/\/www.radioluna.it\/news\/wp-json\/wp\/v2\/comments?post=137599"}],"version-history":[{"count":0,"href":"https:\/\/www.radioluna.it\/news\/wp-json\/wp\/v2\/posts\/137599\/revisions"}],"wp:attachment":[{"href":"https:\/\/www.radioluna.it\/news\/wp-json\/wp\/v2\/media?parent=137599"}],"wp:term":[{"taxonomy":"category","embeddable":true,"href":"https:\/\/www.radioluna.it\/news\/wp-json\/wp\/v2\/categories?post=137599"},{"taxonomy":"post_tag","embeddable":true,"href":"https:\/\/www.radioluna.it\/news\/wp-json\/wp\/v2\/tags?post=137599"}],"curies":[{"name":"wp","href":"https:\/\/api.w.org\/{rel}","templated":true}]}}