{"id":138110,"date":"2013-07-03T16:08:19","date_gmt":"2013-07-03T14:08:19","guid":{"rendered":"http:\/\/www.radioluna.it\/news\/?p=138110"},"modified":"2013-07-03T17:12:37","modified_gmt":"2013-07-03T15:12:37","slug":"flash-sabaudia-bimbo-di-4-anni-rischia-di-annegare-salvato-da-un-bagnino","status":"publish","type":"post","link":"https:\/\/www.radioluna.it\/news\/2013\/07\/flash-sabaudia-bimbo-di-4-anni-rischia-di-annegare-salvato-da-un-bagnino\/","title":{"rendered":"SABAUDIA, RISCHIA DI ANNEGARE<BR> Salvato da un bagnino bimbo di 4 anni"},"content":{"rendered":"<div id=\"fb-root\"><\/div>\n<p style=\"text-align: justify;\"><a href=\"http:\/\/www.radioluna.it\/news\/wp-content\/uploads\/2012\/08\/sabaudia-bufalara.jpg\"><img loading=\"lazy\" decoding=\"async\" class=\"alignleft size-medium wp-image-124104\" alt=\"sabaudia bufalara\" src=\"http:\/\/www.radioluna.it\/news\/wp-content\/uploads\/2012\/08\/sabaudia-bufalara-300x200.jpg\" width=\"300\" height=\"200\" srcset=\"https:\/\/www.radioluna.it\/news\/wp-content\/uploads\/2012\/08\/sabaudia-bufalara-300x200.jpg 300w, https:\/\/www.radioluna.it\/news\/wp-content\/uploads\/2012\/08\/sabaudia-bufalara.jpg 440w\" sizes=\"auto, (max-width: 300px) 100vw, 300px\" \/><\/a><strong>SABAUDIA-<\/strong> Momenti di paura oggi pomeriggio in spiaggia in localit\u00e0 La Bufalara per un bambino di quattro anni di Priverno che ha rischiato di annegare. L&#8217;episodio \u00e8 avvenuto nel pomeriggio poco dopo le tre. Il piccolo \u00e8 stato salvato dai bagnini del lido Le sirene \u00a0che lo hanno immediatamente soccorso. E&#8217; stata anche allertata un&#8217;ambulanza che \u00e8 arrivata e ha trasportato il piccolo al Santa Maria Goretti di Latina.<\/p>\n<div class=\"radio-posizionamento-telefono-in-articoli-dopo-il-contenuto-articolo radio-entity-placement\" id=\"radio-1788981090\"><div id=\"radio-1717378052\" style=\"width: 300px;height: 250px;\"><a href=\"https:\/\/www.icarspa.it\/auto\/usate\/latina\/\" aria-label=\"banner aprile icar new life &#8211; auto usate latina\"><img loading=\"lazy\" decoding=\"async\" src=\"https:\/\/www.radioluna.it\/news\/wp-content\/uploads\/2026\/02\/banner-aprile-icar-new-life-auto-usate-latina.gif\" alt=\"\"  width=\"300\" height=\"250\"   \/><\/a><\/div><\/div>","protected":false},"excerpt":{"rendered":"<p>SABAUDIA- Momenti di paura oggi pomeriggio in spiaggia in localit\u00e0 La Bufalara per un bambino di quattro anni di Priverno che ha rischiato di annegare. L&#8217;episodio \u00e8 avvenuto nel pomeriggio poco dopo le tre. Il piccolo \u00e8 stato salvato dai bagnini del lido Le sirene \u00a0che lo hanno immediatamente soccorso. E&#8217; stata anche allertata un&#8217;ambulanza [&hellip;]<\/p>\n","protected":false},"author":60,"featured_media":124104,"comment_status":"open","ping_status":"closed","sticky":false,"template":"","format":"standard","meta":{"footnotes":""},"categories":[7],"tags":[],"class_list":["post-138110","post","type-post","status-publish","format-standard","has-post-thumbnail","hentry","category-cronaca"],"_links":{"self":[{"href":"https:\/\/www.radioluna.it\/news\/wp-json\/wp\/v2\/posts\/138110","targetHints":{"allow":["GET"]}}],"collection":[{"href":"https:\/\/www.radioluna.it\/news\/wp-json\/wp\/v2\/posts"}],"about":[{"href":"https:\/\/www.radioluna.it\/news\/wp-json\/wp\/v2\/types\/post"}],"author":[{"embeddable":true,"href":"https:\/\/www.radioluna.it\/news\/wp-json\/wp\/v2\/users\/60"}],"replies":[{"embeddable":true,"href":"https:\/\/www.radioluna.it\/news\/wp-json\/wp\/v2\/comments?post=138110"}],"version-history":[{"count":0,"href":"https:\/\/www.radioluna.it\/news\/wp-json\/wp\/v2\/posts\/138110\/revisions"}],"wp:featuredmedia":[{"embeddable":true,"href":"https:\/\/www.radioluna.it\/news\/wp-json\/wp\/v2\/media\/124104"}],"wp:attachment":[{"href":"https:\/\/www.radioluna.it\/news\/wp-json\/wp\/v2\/media?parent=138110"}],"wp:term":[{"taxonomy":"category","embeddable":true,"href":"https:\/\/www.radioluna.it\/news\/wp-json\/wp\/v2\/categories?post=138110"},{"taxonomy":"post_tag","embeddable":true,"href":"https:\/\/www.radioluna.it\/news\/wp-json\/wp\/v2\/tags?post=138110"}],"curies":[{"name":"wp","href":"https:\/\/api.w.org\/{rel}","templated":true}]}}