{"id":138254,"date":"2013-07-06T08:18:21","date_gmt":"2013-07-06T06:18:21","guid":{"rendered":"http:\/\/www.radioluna.it\/news\/?p=138254"},"modified":"2013-07-08T09:56:08","modified_gmt":"2013-07-08T07:56:08","slug":"flash-travolto-sulla-pontina-da-auto-pirata","status":"publish","type":"post","link":"https:\/\/www.radioluna.it\/news\/2013\/07\/flash-travolto-sulla-pontina-da-auto-pirata\/","title":{"rendered":"TRAVOLTO SULLA PONTINA DA AUTO PIRATA<br> La vittima \u00e8 un romeno<br>In corso le indagini della Polizia"},"content":{"rendered":"<div id=\"fb-root\"><\/div>\n<p style=\"text-align: justify;\"><a href=\"http:\/\/www.radioluna.it\/news\/wp-content\/uploads\/2011\/07\/volante.jpg\"><img loading=\"lazy\" decoding=\"async\" class=\"alignleft size-medium wp-image-106568\" alt=\"volante\" src=\"http:\/\/www.radioluna.it\/news\/wp-content\/uploads\/2011\/07\/volante-300x225.jpg\" width=\"300\" height=\"225\" srcset=\"https:\/\/www.radioluna.it\/news\/wp-content\/uploads\/2011\/07\/volante-300x225.jpg 300w, https:\/\/www.radioluna.it\/news\/wp-content\/uploads\/2011\/07\/volante.jpg 432w\" sizes=\"auto, (max-width: 300px) 100vw, 300px\" \/><\/a>LATINA \u00a0&#8211; Investimento mortale nella notte sulla Pontina dove un cittadino romeno di 40 anni in bicicletta \u00e8 stato travolto e ucciso da un&#8217;auto il cui \u00a0conducente non si \u00e8 fermato a prestare soccorso e si \u00e8 dileguato. L&#8217;incidente si \u00e8 verificato lungo la corsia sud in direzione di Terracina, al chilometro 78, all&#8217;altezza dello stabilimento Plasmon, quando erano passate le due di notte. Sono stati alcuni automobilisti a notare il corpo straziato sull&#8217;asfalto e a chiamare il 113. Per lo straniero non c&#8217;era gi\u00e0 pi\u00f9 nulla da fare.<\/p>\n<p style=\"text-align: justify;\">Sul posto \u00e8 intervenuta la Volante della Polizia che ha svolto i rilievi, repertando anche frammenti dell&#8217;auto rimasti sull&#8217;asflato. Avviate le indagini per rintracciare il pirata della strada.<\/p>\n","protected":false},"excerpt":{"rendered":"<p>LATINA \u00a0&#8211; Investimento mortale nella notte sulla Pontina dove un cittadino romeno di 40 anni in bicicletta \u00e8 stato travolto e ucciso da un&#8217;auto il cui \u00a0conducente non si \u00e8 fermato a prestare soccorso e si \u00e8 dileguato. L&#8217;incidente si \u00e8 verificato lungo la corsia sud in direzione di Terracina, al chilometro 78, all&#8217;altezza dello [&hellip;]<\/p>\n","protected":false},"author":62,"featured_media":106568,"comment_status":"open","ping_status":"closed","sticky":false,"template":"","format":"standard","meta":{"footnotes":""},"categories":[7],"tags":[],"class_list":["post-138254","post","type-post","status-publish","format-standard","has-post-thumbnail","hentry","category-cronaca"],"_links":{"self":[{"href":"https:\/\/www.radioluna.it\/news\/wp-json\/wp\/v2\/posts\/138254","targetHints":{"allow":["GET"]}}],"collection":[{"href":"https:\/\/www.radioluna.it\/news\/wp-json\/wp\/v2\/posts"}],"about":[{"href":"https:\/\/www.radioluna.it\/news\/wp-json\/wp\/v2\/types\/post"}],"author":[{"embeddable":true,"href":"https:\/\/www.radioluna.it\/news\/wp-json\/wp\/v2\/users\/62"}],"replies":[{"embeddable":true,"href":"https:\/\/www.radioluna.it\/news\/wp-json\/wp\/v2\/comments?post=138254"}],"version-history":[{"count":0,"href":"https:\/\/www.radioluna.it\/news\/wp-json\/wp\/v2\/posts\/138254\/revisions"}],"wp:featuredmedia":[{"embeddable":true,"href":"https:\/\/www.radioluna.it\/news\/wp-json\/wp\/v2\/media\/106568"}],"wp:attachment":[{"href":"https:\/\/www.radioluna.it\/news\/wp-json\/wp\/v2\/media?parent=138254"}],"wp:term":[{"taxonomy":"category","embeddable":true,"href":"https:\/\/www.radioluna.it\/news\/wp-json\/wp\/v2\/categories?post=138254"},{"taxonomy":"post_tag","embeddable":true,"href":"https:\/\/www.radioluna.it\/news\/wp-json\/wp\/v2\/tags?post=138254"}],"curies":[{"name":"wp","href":"https:\/\/api.w.org\/{rel}","templated":true}]}}