{"id":138292,"date":"2013-07-08T09:40:56","date_gmt":"2013-07-08T07:40:56","guid":{"rendered":"http:\/\/www.radioluna.it\/news\/?p=138292"},"modified":"2013-07-08T09:42:20","modified_gmt":"2013-07-08T07:42:20","slug":"un-musical-targato-latina-lanfiteatro-al-dannunzio-con-brava","status":"publish","type":"post","link":"https:\/\/www.radioluna.it\/news\/2013\/07\/un-musical-targato-latina-lanfiteatro-al-dannunzio-con-brava\/","title":{"rendered":"UN MUSICAL TARGATO LATINA<BR> L&#8217;Anfiteatro al D&#8217;Annunzio con Brava"},"content":{"rendered":"<div id=\"fb-root\"><\/div>\n<div id=\"attachment_138293\" style=\"width: 310px\" class=\"wp-caption alignleft\"><a href=\"http:\/\/www.radioluna.it\/news\/wp-content\/uploads\/2013\/07\/cast.jpg\"><img loading=\"lazy\" decoding=\"async\" aria-describedby=\"caption-attachment-138293\" class=\"size-medium wp-image-138293\" alt=\"cast\" src=\"http:\/\/www.radioluna.it\/news\/wp-content\/uploads\/2013\/07\/cast-300x204.jpg\" width=\"300\" height=\"204\" srcset=\"https:\/\/www.radioluna.it\/news\/wp-content\/uploads\/2013\/07\/cast-300x204.jpg 300w, https:\/\/www.radioluna.it\/news\/wp-content\/uploads\/2013\/07\/cast-500x341.jpg 500w, https:\/\/www.radioluna.it\/news\/wp-content\/uploads\/2013\/07\/cast.jpg 640w\" sizes=\"auto, (max-width: 300px) 100vw, 300px\" \/><\/a><p id=\"caption-attachment-138293\" class=\"wp-caption-text\">Il cast di Brava<\/p><\/div>\n<p style=\"text-align: justify;\">LATINA &#8211; L&#8217;Anfiteatro Spettacolo di Danilo De Paola e Valeria Vallone mette in scena al D&#8217;Annunzio di Latina il musical &#8220;Brava&#8221;. Marted\u00ec 9 luglio (alle 21.00) sul palcoscenico del teatro ammiraglio del capoluogo il sipario si aprir\u00e0 sulla prima opera musicale originale ideata, prodotta e realizzata interamente da artisti pontini su canzoni interpretate da Mina.<\/p>\n<p style=\"text-align: justify;\">&#8220;Brava gode del patrocinio della Provincia di Latina e del Comune di Latina &#8211; raccontano dall&#8217;Anfiteatro &#8211; \u00a0\u00e8 un musical pieno di idee e ricco di colpi di scena, dalle imponenti scenografie, curate da De Paola, Giusy Picca e Mirko Pecchia, con effetti luce sbalorditivi, costumi dipinti a mano dalla stilista Marina Mangiapelo (mentre gli abiti da sposa sono offerti da Luna Nuova)&#8221;. \u00a0E poi musica live, cantanti, attori, danzatori professionisti, come la guest star Davide Nardi. La serata\u00a0si aprir\u00e0 con la banda musicale della citt\u00e0 di Latina, la Gioacchino Rossini.<\/p>\n<p style=\"text-align: justify;\">L&#8217;OPERA &#8211; BRAVA nasce dall\u2019idea di Valeria Vallone, Danilo De Paola e Luca Velletri, supportati nella messa in scena dall&#8217;attore e regista teatrale Marco Lungo, di creare totalmente un\u2019opera musicale, costruita su una storia di fantasia mai esistita e n\u00e9 scopiazzata, completamente inventata, in cui convivono le diverse sfumature e contraddizioni dell&#8217;animo umano, in un&#8217;oscillazione continua tra mondo reale e universo onirico dove ci\u00f2 che sembra &#8216;essere&#8217; potrebbe rivelarsi apparenza, e dove dietro le certezze si nascondono forse le emozioni pi\u00f9 belle e la pi\u00f9 grande delle verit\u00e0: nessuno \u00e8 mai solo se stesso.<\/p>\n<p style=\"text-align: justify;\">Scegliendo tra i successi pi\u00f9 e meno conosciuti interpretati dalla grande signora della musica italiana, Mina, e creando, sulle canzoni cantante dal vivo dai promettenti artisti della Compagnia L&#8217;Anfiteatro, degli arrangiamenti completamente nuovi curati da Luca Velletri e Davide Pistoni, BRAVA \u00e8 diventato un musical completo con le coreografie firmate da Valeria e interpretate da un nutrito corpo di ballo: &#8221; Il sogno\/progetto \u00a0 &#8211; spiegano gli autori &#8211; \u00e8 ovviamente di sfondare le porte della provincia per approdare nei pi\u00f9 grandi teatri d&#8217;Italia, e magari, perch\u00e9 no?, del mondo. Un progetto che non si esaurisce perci\u00f2 in un solo spettacolo, ma ha l\u2019intento di generare lavoro mirando ad una grande produzione che possa supportare gli artisti in tourn\u00e9e di prestigio per un vasto pubblico&#8221;.<\/p>\n<p style=\"text-align: justify;\">LA DIREZIONE ARTISTICA \u00a0&#8211; E&#8217; affidata a LUCA VELLETRI, cantante, attore musicista di fama internazionale , solista<br \/>\ndel Coro al Festival di Sanremo dal&#8217;95 al &#8217;09, vocalist per le pi\u00f9\u00a0importanti produzioni della Tv italiana, da &#8220;Ballando con le stelle&#8221; a &#8220;Ti\u00a0lascio una canzone&#8221;; ha lavorato per artisti del calibro di Eros\u00a0Ramazzotti, Laura Pausini, Adriano Celentano e innumerevoli altri;\u00a0protagonista di musical di grande successo: Pilato in &#8220;Jesus Christ\u00a0Superstar&#8221; (&#8217;99\/&#8217;01); Juan Peron in &#8220;Evita&#8221; (&#8217;02); Frollo in &#8220;Notre Dame De\u00a0Paris&#8221; (&#8217;03\/&#8217;05); cantante e doppiatore nelle pi\u00f9 importante produzioni\u00a0Disney per l&#8217;Italia, da &#8220;Koda fratello orso&#8221; a &#8220;Come d&#8217;Incanto&#8221;; \u00e8 la voce\u00a0italiana del Fantasma nel film &#8220;Il Fantasma dell&#8217;Opera&#8221; (&#8217;05) tratto\u00a0dall&#8217;omonimo musical; ne L\u2019ANFITEATRO \u00e8 Direttore Artistico, vocal coach\u00a0canto, coro, interpretazione, musical.<\/p>\n<p>Di seguito il cast:<\/p>\n<p>di: Danilo De Paola, Valeria Vallone, Luca Velletri<\/p>\n<p>Da un idea di: Valeria Vallone, Luca Velletri<\/p>\n<p>Direzione musicale, arrangiamenti: Luca Velletri, Davide Pistoni<\/p>\n<p>Coreografie: Valeria Vallone<\/p>\n<p>Scenografie: Danilo De Paola, Giusy Picca, Mirco Pecchia<\/p>\n<p>Collaborazione ai testi: Marco Lungo<\/p>\n<p>Luci e Fonica: IDEA MUSICA service<\/p>\n<p>Riprese video: MIXINTIME<\/p>\n<p>Foto: Aldo Davoli<\/p>\n<p>Fonico: Maurizio Capitini<\/p>\n<p>Costumi: Marina Mangiapelo<\/p>\n<p>Trucco: Elisabetta Gruppuso<\/p>\n<p>Parrucco: Simona Porceddu<\/p>\n<p>Ufficio Stampa: Simona Serino<\/p>\n<p>Vestiti da sposa: LA LUNA NUOVA<\/p>\n<p>La highlight di marted\u00ec 9 luglio sar\u00e0 arricchita da un grande buffet offerto dal Ristorante Egidio.<\/p>\n<p>Cast: Bruno Corazza, Davide Pistoni, Katia Caposotto, Martina Maiorino, Francesca Ingravalle, Eleonora Serarcangeli, Filippo Paglino, Francesca Federici, Giulia Pugliese, Gioia Milani, Monica Sarallo, Veronica Bersanetti, Arianna Milone, Alessandra Rea, Giulia Maria Cassani, Antea Dri, Marzia Bottan, Riccardo Marchetti, Gaetano Merone, Matteo Mammuccari, Adelaide Carrafiello<\/p>\n<p>Special guest: Davide Nardi in \u2018Grande Amore\u2019, coreografia di Sonia Nifosi<\/p>\n<p>Band: TASTIERE: Pierluigi Coggio \u2013 BATTERIA: Marco Lombardo \u2013 CHITARRA: Mirco Pecchia \u2013 BASSO: Pino Timolli<\/p>\n<p>&nbsp;<\/p>\n<div class=\"radio-posizionamento-telefono-in-articoli-dopo-il-contenuto-articolo radio-entity-placement\" id=\"radio-374006479\"><div id=\"radio-3696593504\" style=\"width: 300px;height: 250px;\"><a href=\"https:\/\/www.icarspa.it\/auto\/usate\/latina\/\" aria-label=\"banner aprile icar new life &#8211; auto usate latina\"><img loading=\"lazy\" decoding=\"async\" src=\"https:\/\/www.radioluna.it\/news\/wp-content\/uploads\/2026\/02\/banner-aprile-icar-new-life-auto-usate-latina.gif\" alt=\"\"  width=\"300\" height=\"250\"   \/><\/a><\/div><\/div>","protected":false},"excerpt":{"rendered":"<p>LATINA &#8211; L&#8217;Anfiteatro Spettacolo di Danilo De Paola e Valeria Vallone mette in scena al D&#8217;Annunzio di Latina il musical &#8220;Brava&#8221;. Marted\u00ec 9 luglio (alle 21.00) sul palcoscenico del teatro ammiraglio del capoluogo il sipario si aprir\u00e0 sulla prima opera musicale originale ideata, prodotta e realizzata interamente da artisti pontini su canzoni interpretate da Mina. [&hellip;]<\/p>\n","protected":false},"author":62,"featured_media":138293,"comment_status":"open","ping_status":"closed","sticky":false,"template":"","format":"standard","meta":{"footnotes":""},"categories":[16],"tags":[],"class_list":["post-138292","post","type-post","status-publish","format-standard","has-post-thumbnail","hentry","category-appuntamenti"],"_links":{"self":[{"href":"https:\/\/www.radioluna.it\/news\/wp-json\/wp\/v2\/posts\/138292","targetHints":{"allow":["GET"]}}],"collection":[{"href":"https:\/\/www.radioluna.it\/news\/wp-json\/wp\/v2\/posts"}],"about":[{"href":"https:\/\/www.radioluna.it\/news\/wp-json\/wp\/v2\/types\/post"}],"author":[{"embeddable":true,"href":"https:\/\/www.radioluna.it\/news\/wp-json\/wp\/v2\/users\/62"}],"replies":[{"embeddable":true,"href":"https:\/\/www.radioluna.it\/news\/wp-json\/wp\/v2\/comments?post=138292"}],"version-history":[{"count":0,"href":"https:\/\/www.radioluna.it\/news\/wp-json\/wp\/v2\/posts\/138292\/revisions"}],"wp:featuredmedia":[{"embeddable":true,"href":"https:\/\/www.radioluna.it\/news\/wp-json\/wp\/v2\/media\/138293"}],"wp:attachment":[{"href":"https:\/\/www.radioluna.it\/news\/wp-json\/wp\/v2\/media?parent=138292"}],"wp:term":[{"taxonomy":"category","embeddable":true,"href":"https:\/\/www.radioluna.it\/news\/wp-json\/wp\/v2\/categories?post=138292"},{"taxonomy":"post_tag","embeddable":true,"href":"https:\/\/www.radioluna.it\/news\/wp-json\/wp\/v2\/tags?post=138292"}],"curies":[{"name":"wp","href":"https:\/\/api.w.org\/{rel}","templated":true}]}}