{"id":138486,"date":"2013-07-12T09:05:38","date_gmt":"2013-07-12T07:05:38","guid":{"rendered":"http:\/\/www.radioluna.it\/news\/?p=138486"},"modified":"2013-07-12T09:05:47","modified_gmt":"2013-07-12T07:05:47","slug":"doppio-concerto-al-castello-musica-contemporanea-al-festival-pontino","status":"publish","type":"post","link":"https:\/\/www.radioluna.it\/news\/2013\/07\/doppio-concerto-al-castello-musica-contemporanea-al-festival-pontino\/","title":{"rendered":"DOPPIO CONCERTO AL CASTELLO<BR> Musica contemporanea al Festival Pontino"},"content":{"rendered":"<div id=\"fb-root\"><\/div>\n<div id=\"attachment_138487\" style=\"width: 274px\" class=\"wp-caption alignleft\"><a href=\"http:\/\/www.radioluna.it\/news\/wp-content\/uploads\/2013\/07\/alessandrosolbiati.jpg\"><img loading=\"lazy\" decoding=\"async\" aria-describedby=\"caption-attachment-138487\" class=\"size-full wp-image-138487\" alt=\"Il compositore Alessandro Solbiati \" src=\"http:\/\/www.radioluna.it\/news\/wp-content\/uploads\/2013\/07\/alessandrosolbiati.jpg\" width=\"264\" height=\"192\" \/><\/a><p id=\"caption-attachment-138487\" class=\"wp-caption-text\">Il compositore Alessandro Solbiati<\/p><\/div>\n<p style=\"text-align: justify;\">LATINA &#8211; Venerd\u00ec\u00a012 luglio, al Castello Caetani di Sermoneta, nell&#8217;ambito del 49\u00b0 Festival pontino sono in programma due concerti di musica contemporanea, curati\u00a0da Alessandro Solbiati.<\/p>\n<p style=\"text-align: justify;\">Sara Minelli al flauto proporr\u00e0 due prime italiane e la prima esecuzione di Sides, della compositrice Marina Leonardi selezionata due anni fa nel workshop di composizione e poi eseguita al Festival Pontino 2012.<\/p>\n<p style=\"text-align: justify;\">\u00a0Laura Catrani (soprano) e Maria Grazia Bellocchio (pianoforte) \u00a0nel concerto serale, proporranno un omaggio a Goffredo Petrassi, nel decennale della morte, con l\u2019esecuzione delle Liriche di Saffo e di due Invenzioni per pianoforte, cui seguiranno brani di autori italiani pi\u00f9 giovani, compresi quelli di Mauro Saleri e Emanuele Palumbo, selezionati durante il workshop di composizione dei Corsi di Sermoneta 2012. Nella seconda parte \u00e8 in programma una prima italiana del francese J\u00e9r\u00f4me Combier, e un ampio lavoro di George Crumb.<\/p>\n<p style=\"text-align: justify;\">\u00a0<i>Informazioni e biglietti:\u00a0<\/i><b>Fondazione Campus Internazionale di Musica,\u00a0<\/b>Via Varsavia, 31 &#8211; 04100 Latina, tel. 0773 605551,\u00a0<a href=\"http:\/\/www.campusmusica.it\/\">www.campusmusica.it<\/a>; info@campusmusica.it<\/p>\n<p><i>Costo biglietti:\u00a0<\/i>\u00a04 e\u00a05 \u20ac.<i><\/i><\/p>\n<p>Diritti di prevendita fino a 1\/2 ora prima dell&#8217;inizio del concerto \u20ac 1,50.<\/p>\n<p>I biglietti sono in vendita nel circuito Greenticket, on line e nelle rivendite autorizzate.<\/p>\n<p>&nbsp;<\/p>\n<div class=\"radio-posizionamento-telefono-in-articoli-dopo-il-contenuto-articolo radio-entity-placement\" id=\"radio-2858576962\"><div id=\"radio-1743464773\"><a href=\"https:\/\/www.simeoneceramiche.com\/\" aria-label=\"SIMEONE CERAMICHE GIF animata per radioluna_Tavola disegno 1 copia 2 (online-video-cutter.com)\"><img loading=\"lazy\" decoding=\"async\" src=\"https:\/\/www.radioluna.it\/news\/wp-content\/uploads\/2025\/05\/SIMEONE-CERAMICHE-GIF-animata-per-radioluna_Tavola-disegno-1-copia-2-online-video-cutter.com_.gif\" alt=\"\"  width=\"300\" height=\"250\"   \/><\/a><\/div><\/div>","protected":false},"excerpt":{"rendered":"<p>LATINA &#8211; Venerd\u00ec\u00a012 luglio, al Castello Caetani di Sermoneta, nell&#8217;ambito del 49\u00b0 Festival pontino sono in programma due concerti di musica contemporanea, curati\u00a0da Alessandro Solbiati. Sara Minelli al flauto proporr\u00e0 due prime italiane e la prima esecuzione di Sides, della compositrice Marina Leonardi selezionata due anni fa nel workshop di composizione e poi eseguita al [&hellip;]<\/p>\n","protected":false},"author":62,"featured_media":138487,"comment_status":"open","ping_status":"closed","sticky":false,"template":"","format":"standard","meta":{"footnotes":""},"categories":[16],"tags":[],"class_list":["post-138486","post","type-post","status-publish","format-standard","has-post-thumbnail","hentry","category-appuntamenti"],"_links":{"self":[{"href":"https:\/\/www.radioluna.it\/news\/wp-json\/wp\/v2\/posts\/138486","targetHints":{"allow":["GET"]}}],"collection":[{"href":"https:\/\/www.radioluna.it\/news\/wp-json\/wp\/v2\/posts"}],"about":[{"href":"https:\/\/www.radioluna.it\/news\/wp-json\/wp\/v2\/types\/post"}],"author":[{"embeddable":true,"href":"https:\/\/www.radioluna.it\/news\/wp-json\/wp\/v2\/users\/62"}],"replies":[{"embeddable":true,"href":"https:\/\/www.radioluna.it\/news\/wp-json\/wp\/v2\/comments?post=138486"}],"version-history":[{"count":0,"href":"https:\/\/www.radioluna.it\/news\/wp-json\/wp\/v2\/posts\/138486\/revisions"}],"wp:featuredmedia":[{"embeddable":true,"href":"https:\/\/www.radioluna.it\/news\/wp-json\/wp\/v2\/media\/138487"}],"wp:attachment":[{"href":"https:\/\/www.radioluna.it\/news\/wp-json\/wp\/v2\/media?parent=138486"}],"wp:term":[{"taxonomy":"category","embeddable":true,"href":"https:\/\/www.radioluna.it\/news\/wp-json\/wp\/v2\/categories?post=138486"},{"taxonomy":"post_tag","embeddable":true,"href":"https:\/\/www.radioluna.it\/news\/wp-json\/wp\/v2\/tags?post=138486"}],"curies":[{"name":"wp","href":"https:\/\/api.w.org\/{rel}","templated":true}]}}