{"id":138490,"date":"2013-07-12T10:10:54","date_gmt":"2013-07-12T08:10:54","guid":{"rendered":"http:\/\/www.radioluna.it\/news\/?p=138490"},"modified":"2013-07-12T10:10:54","modified_gmt":"2013-07-12T08:10:54","slug":"contributi-illegali-a-la-provincia-asr-errori-non-possono-essere-pagati-da-lavoratori","status":"publish","type":"post","link":"https:\/\/www.radioluna.it\/news\/2013\/07\/contributi-illegali-a-la-provincia-asr-errori-non-possono-essere-pagati-da-lavoratori\/","title":{"rendered":"CONTRIBUTI ILLEGALI A LA PROVINCIA<BR> Asr: &#8220;Errori non possono essere pagati da lavoratori&#8221;"},"content":{"rendered":"<div id=\"fb-root\"><\/div>\n<p style=\"text-align: justify;\"><a href=\"http:\/\/www.radioluna.it\/news\/wp-content\/uploads\/2013\/05\/quotidiano-la-provincia-latina-679043.jpg\"><img loading=\"lazy\" decoding=\"async\" class=\"alignleft size-medium wp-image-136461\" alt=\"quotidiano-la-provincia-latina-679043\" src=\"http:\/\/www.radioluna.it\/news\/wp-content\/uploads\/2013\/05\/quotidiano-la-provincia-latina-679043-300x90.jpg\" width=\"300\" height=\"90\" srcset=\"https:\/\/www.radioluna.it\/news\/wp-content\/uploads\/2013\/05\/quotidiano-la-provincia-latina-679043-300x90.jpg 300w, https:\/\/www.radioluna.it\/news\/wp-content\/uploads\/2013\/05\/quotidiano-la-provincia-latina-679043.jpg 465w\" sizes=\"auto, (max-width: 300px) 100vw, 300px\" \/><\/a>LATINA &#8211;\u00a0Profonda \u00a0preoccupazione \u00e8 stata espressa dall\u2019associazione stampa romana dopo la notizia del presunto caso di contributi per l\u2018editoria percepiti illegalmente scoperto dalla Guardia di Finanza che ha sequestrato disponibilit\u00e0 finanziarie per 5 milioni di euro alla cooperativa che pubblica il quotidiano La Provincia. Il noto giornale locale \u00e8 entrato in crisi proprio da quando sono stati bloccati i fondi pubblici e la propriet\u00e0 ha di recente minacciato la chiusura della testata di Latina.<\/p>\n<p style=\"text-align: justify;\">Secondo i finanzieri, la Effe cooperativa \u00a0usava trucchi di bilancio per ottenere i finanziamenti per l\u2019editoria. Per questo quattro persone sono state denunciate per \u00a0truffa ai danni dello Stato: \u201cSiamo di fronte a una mera ipotesi di reato che dovr\u00e0 essere vagliata in contraddittorio dai giudici di Frosinone, di cui, con assoluta fiducia attendiamo il giudizio&#8221;, afferma l&#8217;avvocato Pierpaolo Dell&#8217;Anno che difende gli interessi della Cooperativa editoriale.<\/p>\n<p style=\"text-align: justify;\">\u201cSar\u00e0 la magistratura a fare luce, ma intanto non possiamo accettare che gli errori della dirigenza siano pagati dai lavoratori\u201d \u00e8 la replica dei sindacati di giornalisti e poligrafici.<\/p>\n","protected":false},"excerpt":{"rendered":"<p>LATINA &#8211;\u00a0Profonda \u00a0preoccupazione \u00e8 stata espressa dall\u2019associazione stampa romana dopo la notizia del presunto caso di contributi per l\u2018editoria percepiti illegalmente scoperto dalla Guardia di Finanza che ha sequestrato disponibilit\u00e0 finanziarie per 5 milioni di euro alla cooperativa che pubblica il quotidiano La Provincia. Il noto giornale locale \u00e8 entrato in crisi proprio da quando [&hellip;]<\/p>\n","protected":false},"author":62,"featured_media":136461,"comment_status":"open","ping_status":"closed","sticky":false,"template":"","format":"standard","meta":{"footnotes":""},"categories":[7],"tags":[],"class_list":["post-138490","post","type-post","status-publish","format-standard","has-post-thumbnail","hentry","category-cronaca"],"_links":{"self":[{"href":"https:\/\/www.radioluna.it\/news\/wp-json\/wp\/v2\/posts\/138490","targetHints":{"allow":["GET"]}}],"collection":[{"href":"https:\/\/www.radioluna.it\/news\/wp-json\/wp\/v2\/posts"}],"about":[{"href":"https:\/\/www.radioluna.it\/news\/wp-json\/wp\/v2\/types\/post"}],"author":[{"embeddable":true,"href":"https:\/\/www.radioluna.it\/news\/wp-json\/wp\/v2\/users\/62"}],"replies":[{"embeddable":true,"href":"https:\/\/www.radioluna.it\/news\/wp-json\/wp\/v2\/comments?post=138490"}],"version-history":[{"count":0,"href":"https:\/\/www.radioluna.it\/news\/wp-json\/wp\/v2\/posts\/138490\/revisions"}],"wp:featuredmedia":[{"embeddable":true,"href":"https:\/\/www.radioluna.it\/news\/wp-json\/wp\/v2\/media\/136461"}],"wp:attachment":[{"href":"https:\/\/www.radioluna.it\/news\/wp-json\/wp\/v2\/media?parent=138490"}],"wp:term":[{"taxonomy":"category","embeddable":true,"href":"https:\/\/www.radioluna.it\/news\/wp-json\/wp\/v2\/categories?post=138490"},{"taxonomy":"post_tag","embeddable":true,"href":"https:\/\/www.radioluna.it\/news\/wp-json\/wp\/v2\/tags?post=138490"}],"curies":[{"name":"wp","href":"https:\/\/api.w.org\/{rel}","templated":true}]}}