{"id":138522,"date":"2013-07-12T13:12:01","date_gmt":"2013-07-12T11:12:01","guid":{"rendered":"http:\/\/www.radioluna.it\/news\/?p=138522"},"modified":"2013-07-12T13:12:01","modified_gmt":"2013-07-12T11:12:01","slug":"alzheimer-comune-in-campo-latina-presenta-le-azioni-per-famiglie-e-malati","status":"publish","type":"post","link":"https:\/\/www.radioluna.it\/news\/2013\/07\/alzheimer-comune-in-campo-latina-presenta-le-azioni-per-famiglie-e-malati\/","title":{"rendered":"ALZHEIMER, COMUNE IN CAMPO<BR> Latina presenta le azioni per famiglie e malati"},"content":{"rendered":"<div id=\"fb-root\"><\/div>\n<div id=\"attachment_138523\" style=\"width: 310px\" class=\"wp-caption alignleft\"><a href=\"http:\/\/www.radioluna.it\/news\/wp-content\/uploads\/2013\/07\/FANTI_SINDACO.jpg\"><img loading=\"lazy\" decoding=\"async\" aria-describedby=\"caption-attachment-138523\" class=\"size-medium wp-image-138523\" alt=\"L'assessore Patrizia Fanti con il sindaco di Latina Di Giorgi\" src=\"http:\/\/www.radioluna.it\/news\/wp-content\/uploads\/2013\/07\/FANTI_SINDACO-300x225.jpg\" width=\"300\" height=\"225\" srcset=\"https:\/\/www.radioluna.it\/news\/wp-content\/uploads\/2013\/07\/FANTI_SINDACO-300x225.jpg 300w, https:\/\/www.radioluna.it\/news\/wp-content\/uploads\/2013\/07\/FANTI_SINDACO.jpg 500w\" sizes=\"auto, (max-width: 300px) 100vw, 300px\" \/><\/a><p id=\"caption-attachment-138523\" class=\"wp-caption-text\">L&#8217;assessore Patrizia Fanti con il sindaco di Latina Di Giorgi<\/p><\/div>\n<p style=\"text-align: justify;\">LATINA &#8211; E&#8217; stato presentato a Latina il progetto \u201cAzioni di sistema in favore dei malati di Alzheimer e loro familiari\u201d a cura dell\u2019Assessorato ai Servizi Sociali. Le azioni principali del progetto sono:<\/p>\n<p style=\"text-align: justify;\">\u00a0&#8211; Percorsi di Formazione per assistenti familiari L\u2019azione ha come finalit\u00e0 quella di formare personale con l\u2019obiettivo di creare una base comune di conoscenza e di approccio nei confronti della malattia per rendere congruenti le metodiche di intervento presenti nelle diverse organizzazioni e le modalit\u00e0 di connessione tra le stesse.<\/p>\n<p style=\"text-align: justify;\">&#8211; Gruppi di mutuo auto-aiuto La finalit\u00e0 dei gruppi di auto mutuo aiuto \u00e8 quella di fornire ai familiari dei malati di alzheimer uno spazio nel quale confrontarsi con l\u2019obiettivo di scambiarsi conoscenze ed esperienze, di sostenersi per affrontare le diverse problematiche inerenti il lavoro di cura del proprio familiare.<\/p>\n<p style=\"text-align: justify;\">&#8211; Supporto alla domiciliarit\u00e0 La finalit\u00e0 \u00e8 quella di sostenere il caregiver nel suo carico di cura con l\u2019obiettivo di aiutarlo ad acquisire una sempre maggiore competenza, di collegare le forme di assistenza domiciliare ai servizi dedicati e di ridurre le ospedalizzazioni improprie di pazienti affetti da Alzheimer privi di rete familiare.<\/p>\n<p style=\"text-align: justify;\">\u00a0\u201cDobbiamo molto del merito per l\u2019attuazione di questo progetto al lavoro svolto in sinergia tra i Comuni della provincia di Latina \u2013 ha spiegato l\u2019Assessore ai Servizi Sociali Patrizia Fanti \u2013 \u00e8 importante far uscire allo scoperto le famiglie dei malati di Alzheimer, che spesso nemmeno comunicano con l\u2019esterno, affinch\u00e9 le si possa aiutare davvero\u201d.<\/p>\n<p style=\"text-align: justify;\">\u00a0\u201cSono convinto \u2013 ha affermato il Sindaco Giovanni Di Giorgi &#8211; che questo sia il modo giusto di lavorare di fronte ad una malattia in forte crescita. Non possiamo pi\u00f9 ragionare come singolo Comune ma dobbiamo lavorare in sinergia a livello provinciale e fare squadra per allargare il raggio di azione e portare sollievo nelle vite di molte famiglie\u201d.<\/p>\n<p style=\"text-align: justify;\">\n","protected":false},"excerpt":{"rendered":"<p>LATINA &#8211; E&#8217; stato presentato a Latina il progetto \u201cAzioni di sistema in favore dei malati di Alzheimer e loro familiari\u201d a cura dell\u2019Assessorato ai Servizi Sociali. Le azioni principali del progetto sono: \u00a0&#8211; Percorsi di Formazione per assistenti familiari L\u2019azione ha come finalit\u00e0 quella di formare personale con l\u2019obiettivo di creare una base comune [&hellip;]<\/p>\n","protected":false},"author":62,"featured_media":138523,"comment_status":"open","ping_status":"closed","sticky":false,"template":"","format":"standard","meta":{"footnotes":""},"categories":[7],"tags":[],"class_list":["post-138522","post","type-post","status-publish","format-standard","has-post-thumbnail","hentry","category-cronaca"],"_links":{"self":[{"href":"https:\/\/www.radioluna.it\/news\/wp-json\/wp\/v2\/posts\/138522","targetHints":{"allow":["GET"]}}],"collection":[{"href":"https:\/\/www.radioluna.it\/news\/wp-json\/wp\/v2\/posts"}],"about":[{"href":"https:\/\/www.radioluna.it\/news\/wp-json\/wp\/v2\/types\/post"}],"author":[{"embeddable":true,"href":"https:\/\/www.radioluna.it\/news\/wp-json\/wp\/v2\/users\/62"}],"replies":[{"embeddable":true,"href":"https:\/\/www.radioluna.it\/news\/wp-json\/wp\/v2\/comments?post=138522"}],"version-history":[{"count":0,"href":"https:\/\/www.radioluna.it\/news\/wp-json\/wp\/v2\/posts\/138522\/revisions"}],"wp:featuredmedia":[{"embeddable":true,"href":"https:\/\/www.radioluna.it\/news\/wp-json\/wp\/v2\/media\/138523"}],"wp:attachment":[{"href":"https:\/\/www.radioluna.it\/news\/wp-json\/wp\/v2\/media?parent=138522"}],"wp:term":[{"taxonomy":"category","embeddable":true,"href":"https:\/\/www.radioluna.it\/news\/wp-json\/wp\/v2\/categories?post=138522"},{"taxonomy":"post_tag","embeddable":true,"href":"https:\/\/www.radioluna.it\/news\/wp-json\/wp\/v2\/tags?post=138522"}],"curies":[{"name":"wp","href":"https:\/\/api.w.org\/{rel}","templated":true}]}}