{"id":138572,"date":"2013-07-13T10:59:06","date_gmt":"2013-07-13T08:59:06","guid":{"rendered":"http:\/\/www.radioluna.it\/news\/?p=138572"},"modified":"2013-07-13T11:18:38","modified_gmt":"2013-07-13T09:18:38","slug":"sequestrato-il-sombrero-a-sperlonga-la-falesia-e-a-rischio-di-frane","status":"publish","type":"post","link":"https:\/\/www.radioluna.it\/news\/2013\/07\/sequestrato-il-sombrero-a-sperlonga-la-falesia-e-a-rischio-di-frane\/","title":{"rendered":"SEQUESTRATO IL SOMBRERO A SPERLONGA<BR> La falesia \u00e8 a rischio di frane"},"content":{"rendered":"<div id=\"fb-root\"><\/div>\n<p style=\"text-align: justify;\"><a href=\"http:\/\/www.radioluna.it\/news\/wp-content\/uploads\/2013\/07\/spiaggia_bambole.jpg\"><img loading=\"lazy\" decoding=\"async\" class=\"alignleft size-medium wp-image-138573\" alt=\"spiaggia_bambole\" src=\"http:\/\/www.radioluna.it\/news\/wp-content\/uploads\/2013\/07\/spiaggia_bambole-300x200.jpg\" width=\"300\" height=\"200\" srcset=\"https:\/\/www.radioluna.it\/news\/wp-content\/uploads\/2013\/07\/spiaggia_bambole-300x200.jpg 300w, https:\/\/www.radioluna.it\/news\/wp-content\/uploads\/2013\/07\/spiaggia_bambole.jpg 450w\" sizes=\"auto, (max-width: 300px) 100vw, 300px\" \/><\/a>SPERLONGA &#8211;\u00a0La falesia rischia di crollare e la guardia di finanza chiude uno storico stabilimento balneare sulla Flacca. E\u2019 stato sequestrato, sulla costa pontina tra Sperlonga e Gaeta, \u00a0&#8220;Il Sombrero&#8221;, angolo tra i pi\u00f9 belli della Riviera D&#8217;Ulisse: per un anno il titolare si \u00e8 sottratto alle disposizioni di sicurezza emesse dalle autorit\u00e0 locali.<\/p>\n<p style=\"text-align: justify;\">Il nucleo mobile della compagnia della Guardia di Finanza di Fondi ha eseguito nei giorni scorsi\u00a0il decreto di sequestro d\u2019urgenza emesso dalla Procura della Repubblica di Latina per motivi di salvaguardia dell\u2019incolumit\u00e0 pubblica. Il provvedimento \u00e8 stato emesso dopo che le fiamme gialle hanno verificato \u00a0l\u2019inottemperanza del titolare del bagno all\u2019ordinanza di sgombero e di divieto di balneazione nella zona della Grotta delle Bambole, emessa un anno fa dal Comune di Sperlonga.<\/p>\n<p style=\"text-align: justify;\">La zona \u00e8 considerata a rischio di frane e dunque pericolosa, ma sul posto bagnanti e natanti non trovavano alcuna segnalazione o avvertenza. Il titolare dello stabilimento \u00e8 stato denunciato all\u2019autorit\u00e0 giudiziaria.<\/p>\n","protected":false},"excerpt":{"rendered":"<p>SPERLONGA &#8211;\u00a0La falesia rischia di crollare e la guardia di finanza chiude uno storico stabilimento balneare sulla Flacca. E\u2019 stato sequestrato, sulla costa pontina tra Sperlonga e Gaeta, \u00a0&#8220;Il Sombrero&#8221;, angolo tra i pi\u00f9 belli della Riviera D&#8217;Ulisse: per un anno il titolare si \u00e8 sottratto alle disposizioni di sicurezza emesse dalle autorit\u00e0 locali. Il [&hellip;]<\/p>\n","protected":false},"author":62,"featured_media":138573,"comment_status":"open","ping_status":"closed","sticky":false,"template":"","format":"standard","meta":{"footnotes":""},"categories":[7],"tags":[],"class_list":["post-138572","post","type-post","status-publish","format-standard","has-post-thumbnail","hentry","category-cronaca"],"_links":{"self":[{"href":"https:\/\/www.radioluna.it\/news\/wp-json\/wp\/v2\/posts\/138572","targetHints":{"allow":["GET"]}}],"collection":[{"href":"https:\/\/www.radioluna.it\/news\/wp-json\/wp\/v2\/posts"}],"about":[{"href":"https:\/\/www.radioluna.it\/news\/wp-json\/wp\/v2\/types\/post"}],"author":[{"embeddable":true,"href":"https:\/\/www.radioluna.it\/news\/wp-json\/wp\/v2\/users\/62"}],"replies":[{"embeddable":true,"href":"https:\/\/www.radioluna.it\/news\/wp-json\/wp\/v2\/comments?post=138572"}],"version-history":[{"count":0,"href":"https:\/\/www.radioluna.it\/news\/wp-json\/wp\/v2\/posts\/138572\/revisions"}],"wp:featuredmedia":[{"embeddable":true,"href":"https:\/\/www.radioluna.it\/news\/wp-json\/wp\/v2\/media\/138573"}],"wp:attachment":[{"href":"https:\/\/www.radioluna.it\/news\/wp-json\/wp\/v2\/media?parent=138572"}],"wp:term":[{"taxonomy":"category","embeddable":true,"href":"https:\/\/www.radioluna.it\/news\/wp-json\/wp\/v2\/categories?post=138572"},{"taxonomy":"post_tag","embeddable":true,"href":"https:\/\/www.radioluna.it\/news\/wp-json\/wp\/v2\/tags?post=138572"}],"curies":[{"name":"wp","href":"https:\/\/api.w.org\/{rel}","templated":true}]}}