{"id":138631,"date":"2013-07-15T16:26:22","date_gmt":"2013-07-15T14:26:22","guid":{"rendered":"http:\/\/www.radioluna.it\/news\/?p=138631"},"modified":"2013-07-16T10:53:39","modified_gmt":"2013-07-16T08:53:39","slug":"ponza-estate-magia-per-i-diversamente-abili","status":"publish","type":"post","link":"https:\/\/www.radioluna.it\/news\/2013\/07\/ponza-estate-magia-per-i-diversamente-abili\/","title":{"rendered":"ILLUSIONISMO A PONZA ESTATE<BR> La magia dei diversamente abili"},"content":{"rendered":"<div id=\"fb-root\"><\/div>\n<div id=\"attachment_109528\" style=\"width: 310px\" class=\"wp-caption alignleft\"><a href=\"http:\/\/www.radioluna.it\/news\/wp-content\/uploads\/2011\/09\/isola-di-ponza.jpg\"><img loading=\"lazy\" decoding=\"async\" aria-describedby=\"caption-attachment-109528\" class=\"size-medium wp-image-109528\" alt=\"L'isola di Ponza\" src=\"http:\/\/www.radioluna.it\/news\/wp-content\/uploads\/2011\/09\/isola-di-ponza-300x225.jpg\" width=\"300\" height=\"225\" srcset=\"https:\/\/www.radioluna.it\/news\/wp-content\/uploads\/2011\/09\/isola-di-ponza-300x225.jpg 300w, https:\/\/www.radioluna.it\/news\/wp-content\/uploads\/2011\/09\/isola-di-ponza.jpg 400w\" sizes=\"auto, (max-width: 300px) 100vw, 300px\" \/><\/a><p id=\"caption-attachment-109528\" class=\"wp-caption-text\">L&#8217;isola di Ponza<\/p><\/div>\n<p style=\"text-align: justify;\"><strong>PONZA &#8211;<\/strong> Nell\u2019ambito della rassegna Ponza Estate 2013, l\u2019isola ospita, marted\u00ec 16 luglio e mercoled\u00ec 17, uno spettacolo di intrattenimento d\u2019eccezione dedicato ad adulti e bambini. Si chiama \u201cMagicamente Abili\u201d la performance di illusionismo che, dopo aver calcato i palchi di numerosi teatri d\u2019Italia, sbarca a Ponza, marted\u00ec\u00a0in localit\u00e0 Giancos e il giorno successivo \u00a0in piazza chiesa a Le Forna (alle 21,30).<br \/>\nNon si tratta per\u00f2 del solito spettacolo di magia, ma di un grande progetto con finalit\u00e0 sociali che da circa cinque anni coinvolge i ragazzi diversamente abili. Il Mago Raptus porter\u00e0 anche nello scanario incantato dell\u2019isola di Ponza \u201cMagicamente Abili\u201d, l\u2019esibizione che traformer\u00e0 i ragazzi in artisti. Protagonisti assoluti anche in una disciplina particolarmente difficile come quella della prestidigitazione e dell\u2019illusionismo, categoria artistica a cui prima d\u2019ora, nessuno mai aveva osato avvicinarsi.<br \/>\nLe impegnative prove hanno sempre dato vita ad una critica positiva e a un grande entusiasmo da parte di ogni ambito sociale. \u201cTutti i ragazzi, circa ottanta, che hanno partecipato al corso \u201cMagicamente Abili\u201d trasformandosi in veri artisti \u2013 spiega Salvo Testa &#8211; hanno potenziato la propria autostima e sicurezza, rimanendo particolarmente orgogliosi della loro nuova attivit\u00e0\u201d.<br \/>\nGrazie all\u2019impegno del Mago Raptus tutti hanno potuto dimostrare di essere unici perch\u00e9, pur nella loro disabilit\u00e0, hanno dato prova di essere pi\u00f9 bravi di tanti prestigiatori normodotati. Le loro attitudini rappresentano una speranza per tutte quelle persone con disabilit\u00e0 che vorrebbero guardare al futuro con occhio diverso. Adesso possono dimostrare che esiste la concreta possibilit\u00e0 per i diversamente abili di affermarsi con le proprie capacit\u00e0 anche in un\u2019arte cos\u00ec difficile.<\/p>\n<p style=\"text-align: justify;\">\n<div class=\"radio-posizionamento-telefono-in-articoli-dopo-il-contenuto-articolo radio-entity-placement\" id=\"radio-1347396318\"><div id=\"radio-2131459148\"><a href=\"https:\/\/www.simeoneceramiche.com\/\" aria-label=\"SIMEONE CERAMICHE GIF animata per radioluna_Tavola disegno 1 copia 2 (online-video-cutter.com)\"><img loading=\"lazy\" decoding=\"async\" src=\"https:\/\/www.radioluna.it\/news\/wp-content\/uploads\/2025\/05\/SIMEONE-CERAMICHE-GIF-animata-per-radioluna_Tavola-disegno-1-copia-2-online-video-cutter.com_.gif\" alt=\"\"  width=\"300\" height=\"250\"   \/><\/a><\/div><\/div>","protected":false},"excerpt":{"rendered":"<p>PONZA &#8211; Nell\u2019ambito della rassegna Ponza Estate 2013, l\u2019isola ospita, marted\u00ec 16 luglio e mercoled\u00ec 17, uno spettacolo di intrattenimento d\u2019eccezione dedicato ad adulti e bambini. Si chiama \u201cMagicamente Abili\u201d la performance di illusionismo che, dopo aver calcato i palchi di numerosi teatri d\u2019Italia, sbarca a Ponza, marted\u00ec\u00a0in localit\u00e0 Giancos e il giorno successivo \u00a0in [&hellip;]<\/p>\n","protected":false},"author":60,"featured_media":109528,"comment_status":"open","ping_status":"closed","sticky":false,"template":"","format":"standard","meta":{"footnotes":""},"categories":[16],"tags":[],"class_list":["post-138631","post","type-post","status-publish","format-standard","has-post-thumbnail","hentry","category-appuntamenti"],"_links":{"self":[{"href":"https:\/\/www.radioluna.it\/news\/wp-json\/wp\/v2\/posts\/138631","targetHints":{"allow":["GET"]}}],"collection":[{"href":"https:\/\/www.radioluna.it\/news\/wp-json\/wp\/v2\/posts"}],"about":[{"href":"https:\/\/www.radioluna.it\/news\/wp-json\/wp\/v2\/types\/post"}],"author":[{"embeddable":true,"href":"https:\/\/www.radioluna.it\/news\/wp-json\/wp\/v2\/users\/60"}],"replies":[{"embeddable":true,"href":"https:\/\/www.radioluna.it\/news\/wp-json\/wp\/v2\/comments?post=138631"}],"version-history":[{"count":0,"href":"https:\/\/www.radioluna.it\/news\/wp-json\/wp\/v2\/posts\/138631\/revisions"}],"wp:featuredmedia":[{"embeddable":true,"href":"https:\/\/www.radioluna.it\/news\/wp-json\/wp\/v2\/media\/109528"}],"wp:attachment":[{"href":"https:\/\/www.radioluna.it\/news\/wp-json\/wp\/v2\/media?parent=138631"}],"wp:term":[{"taxonomy":"category","embeddable":true,"href":"https:\/\/www.radioluna.it\/news\/wp-json\/wp\/v2\/categories?post=138631"},{"taxonomy":"post_tag","embeddable":true,"href":"https:\/\/www.radioluna.it\/news\/wp-json\/wp\/v2\/tags?post=138631"}],"curies":[{"name":"wp","href":"https:\/\/api.w.org\/{rel}","templated":true}]}}