{"id":138670,"date":"2013-07-16T11:39:01","date_gmt":"2013-07-16T09:39:01","guid":{"rendered":"http:\/\/www.radioluna.it\/news\/?p=138670"},"modified":"2013-07-16T11:39:01","modified_gmt":"2013-07-16T09:39:01","slug":"terracina-calcio-arriva-il-bomber-raso-chinappi-vice-allenatore","status":"publish","type":"post","link":"https:\/\/www.radioluna.it\/news\/2013\/07\/terracina-calcio-arriva-il-bomber-raso-chinappi-vice-allenatore\/","title":{"rendered":"TERRACINA CALCIO, ARRIVA IL BOMBER RASO<BR> Chinappi vice-allenatore"},"content":{"rendered":"<div id=\"fb-root\"><\/div>\n<div id=\"attachment_138671\" style=\"width: 310px\" class=\"wp-caption alignleft\"><a href=\"http:\/\/www.radioluna.it\/news\/wp-content\/uploads\/2013\/07\/mario-raso.jpg\"><img loading=\"lazy\" decoding=\"async\" aria-describedby=\"caption-attachment-138671\" class=\"size-medium wp-image-138671\" alt=\"Mario Raso\" src=\"http:\/\/www.radioluna.it\/news\/wp-content\/uploads\/2013\/07\/mario-raso-300x223.jpg\" width=\"300\" height=\"223\" \/><\/a><p id=\"caption-attachment-138671\" class=\"wp-caption-text\">Mario Raso<\/p><\/div>\n<p style=\"text-align: justify;\">LATINA &#8211;\u00a0Il Terracina ha il suo bomber per la serie D: Mario Raso ha trovato l\u2019accordo con la societ\u00e0 biancoceleste. Nel pomeriggio di ieri l\u2019attaccante ha incontrato il direttore sportivo Emanuele Germano al \u201cMario Colavolpe\u201d e dopo un colloquio \u00e8 arrivata la firma sul contratto.<\/p>\n<p style=\"text-align: justify;\">\u00abLa scelta \u00e8 caduta su Mario \u00a0perch\u00e9 \u00e8 stato il finalizzatore pi\u00f9 costante degli ultimi anni. I numeri parlano chiaro: ha la media gol migliore degli attaccanti che avevamo contattato\u00bb, ha dichiarato Germano.<\/p>\n<p style=\"text-align: justify;\">\u00a0Raso, che ha 31 anni, e ha giocato con il Fondi, il Latina, e poi Albalonga, Arezzo e Fidene, \u00e8 nato a Fondi: \u00a0\u00abLa vicinanza al mio paese di origine \u00e8 uno dei fattori che mi spinger\u00e0 a dare ancor di pi\u00f9 il massimo \u2013 afferma un entusiasta e sorridente Raso &#8211; Sono contento di affrontare questa esperienza. Arrivo in una piazza in cui c&#8217;\u00e8 entusiasmo e spero che questa passione ci porti a raggiungere obiettivi importanti. Una promessa per i tifosi? Il massimo impegno e la doppia cifra nella classifica cannonieri\u00bb.<\/p>\n<div id=\"attachment_138672\" style=\"width: 310px\" class=\"wp-caption alignleft\"><a href=\"http:\/\/www.radioluna.it\/news\/wp-content\/uploads\/2013\/07\/simone-chinappi.jpg\"><img loading=\"lazy\" decoding=\"async\" aria-describedby=\"caption-attachment-138672\" class=\"size-medium wp-image-138672\" alt=\"Simone Chinappi\" src=\"http:\/\/www.radioluna.it\/news\/wp-content\/uploads\/2013\/07\/simone-chinappi-300x223.jpg\" width=\"300\" height=\"223\" \/><\/a><p id=\"caption-attachment-138672\" class=\"wp-caption-text\">Simone Chinappi<\/p><\/div>\n<p style=\"text-align: justify;\">IL VICE ALLENATORE &#8211; Cosa fatta anche per il vice allenatore, \u00a0Simone Chinappi . Tecnico giovane ha allenato la passata stagione i Giovanissimi fascia B dei tigrotti. \u00abRingrazio il presidente e il direttore che mi hanno dato questa opportunit\u00e0 \u2013 ha ammesso Chinappi \u2013 sar\u00e0 un piacere lavorare con un mister d&#8217;esperienza come Bacci, dal quale apprender\u00f2 sicuramente molto\u00bb.<\/p>\n<p style=\"text-align: justify;\">Nelle prossime ore verr\u00e0 ufficializzato anche il portiere biancoceleste. In lizza cisono Paolo Ginestra (31 anni) con un passato in Serie A e B con Albinoleffe, Parma e Ternana; Simone Deliperi e Antonio Secchi.<\/p>\n<p style=\"text-align: justify;\">\n","protected":false},"excerpt":{"rendered":"<p>LATINA &#8211;\u00a0Il Terracina ha il suo bomber per la serie D: Mario Raso ha trovato l\u2019accordo con la societ\u00e0 biancoceleste. Nel pomeriggio di ieri l\u2019attaccante ha incontrato il direttore sportivo Emanuele Germano al \u201cMario Colavolpe\u201d e dopo un colloquio \u00e8 arrivata la firma sul contratto. \u00abLa scelta \u00e8 caduta su Mario \u00a0perch\u00e9 \u00e8 stato il [&hellip;]<\/p>\n","protected":false},"author":62,"featured_media":138671,"comment_status":"open","ping_status":"closed","sticky":false,"template":"","format":"standard","meta":{"footnotes":""},"categories":[17],"tags":[],"class_list":["post-138670","post","type-post","status-publish","format-standard","has-post-thumbnail","hentry","category-sport"],"_links":{"self":[{"href":"https:\/\/www.radioluna.it\/news\/wp-json\/wp\/v2\/posts\/138670","targetHints":{"allow":["GET"]}}],"collection":[{"href":"https:\/\/www.radioluna.it\/news\/wp-json\/wp\/v2\/posts"}],"about":[{"href":"https:\/\/www.radioluna.it\/news\/wp-json\/wp\/v2\/types\/post"}],"author":[{"embeddable":true,"href":"https:\/\/www.radioluna.it\/news\/wp-json\/wp\/v2\/users\/62"}],"replies":[{"embeddable":true,"href":"https:\/\/www.radioluna.it\/news\/wp-json\/wp\/v2\/comments?post=138670"}],"version-history":[{"count":0,"href":"https:\/\/www.radioluna.it\/news\/wp-json\/wp\/v2\/posts\/138670\/revisions"}],"wp:featuredmedia":[{"embeddable":true,"href":"https:\/\/www.radioluna.it\/news\/wp-json\/wp\/v2\/media\/138671"}],"wp:attachment":[{"href":"https:\/\/www.radioluna.it\/news\/wp-json\/wp\/v2\/media?parent=138670"}],"wp:term":[{"taxonomy":"category","embeddable":true,"href":"https:\/\/www.radioluna.it\/news\/wp-json\/wp\/v2\/categories?post=138670"},{"taxonomy":"post_tag","embeddable":true,"href":"https:\/\/www.radioluna.it\/news\/wp-json\/wp\/v2\/tags?post=138670"}],"curies":[{"name":"wp","href":"https:\/\/api.w.org\/{rel}","templated":true}]}}