{"id":138733,"date":"2013-07-17T11:10:09","date_gmt":"2013-07-17T09:10:09","guid":{"rendered":"http:\/\/www.radioluna.it\/news\/?p=138733"},"modified":"2013-07-17T11:10:42","modified_gmt":"2013-07-17T09:10:42","slug":"tessere-latina-calcio-abbonamenti-in-vendita","status":"publish","type":"post","link":"https:\/\/www.radioluna.it\/news\/2013\/07\/tessere-latina-calcio-abbonamenti-in-vendita\/","title":{"rendered":"TESSERE LATINA CALCIO<BR> Abbonamenti in vendita"},"content":{"rendered":"<div id=\"fb-root\"><\/div>\n<p style=\"text-align: justify;\"><a href=\"http:\/\/www.radioluna.it\/news\/wp-content\/uploads\/2013\/07\/Latina_Calcio_US_bandiera_animata-300x196.gif\"><img loading=\"lazy\" decoding=\"async\" class=\"alignleft size-full wp-image-138736\" alt=\"Latina_Calcio_US_bandiera_animata-300x196\" src=\"http:\/\/www.radioluna.it\/news\/wp-content\/uploads\/2013\/07\/Latina_Calcio_US_bandiera_animata-300x196.gif\" width=\"300\" height=\"196\" \/><\/a>LATINA &#8211; Parte domani (gioved\u00ec 18 luglio) la campagna abbonamenti aperta a tutti i tifosi nerazzurri.\u00a0Questa sera alle 19 terminer\u00e0 la prima fase della campagna abbonamenti, quella con diritto di prelazione a favore degli abbonati della stagione 2012-&#8217;13. Domani prender\u00e0 il via la seconda fase, ovvero quella aperta a tutti i tifosi nerazzurri che vorranno sottoscrivere le tessere stagionali per la stagione 2013-&#8217;14: gli abbonamenti si potranno acquistare non solo nella sede di piazzale Prampolini, ma anche online e in tutti i punti vendita bookingshow.<\/p>\n<p style=\"text-align: justify;\">Ecco l&#8217;elenco dei punti vendita bookingshow in provincia di Latina: Blu Ticket in viale Nervi al centro commerciale Latina Fiori, Antipodi Viaggi srl in piazza Caduti in Guerra a Cisterna di Latina, CopyCpy in via De Gasperi ad Aprilia, I viaggi di Kilroy srl in via Vittorio Veneto a Gaeta, Remix Spund in via Valle a Sperlonga, Agenzia De Paolis in via C. Battisti a Sonnino, Stella Polare viaggi e turismo in via Roma a Terracina, I viaggi di Nello in Corso Italia a Fondi, Time Flies in via Lavagna a Formia, As Turismo di Alessandro Salvatore in via Paone a Formia, Geofantasy Viaggi e Turismo in via Roma a Cori, Last Minute Tour Formia in via Murrano snc c\/o Centro Commerciale a Formia, Priver Travel &amp; Tours srl in via Battisti a Priverno, Tabaccheria Forte in via Madonna delle Grazie a Fondi, Tabaccheria Porta Roma in viale della Libert\u00e0 a Fondi.<\/p>\n<p style=\"text-align: justify;\">Per sottoscrivere l&#8217;abbonamento sar\u00e0 necessaria la tessera del tifoso: il costo \u00e8 di 15 euro. Per quanto riguarda coloro che gi\u00e0 sono in possesso della tessera del tifoso, saranno valide solo quelle emesse per la stagione 2012-&#8217;13, mentre tutte quelle relative ad anni precedenti dovranno essere sostituite con nuovi documenti. Il costo dell&#8217;operazione \u00e8 anche in questo caso di 15 euro. Saranno invece considerate valide le \u201csupporters card\u201d della Lega Pro acquistate la scorsa stagione.<\/p>\n<p style=\"text-align: justify;\">I PREZZI DEGLI ABBONAMENTI \u2013 Curva A\/B: 130 prezzo intero, 75 euro ridotto over 65, 50 euro ridotto ragazzi 5-14 anni. Gradinata A\/B\/C: 220 euro prezzo intero, 110 euro ridotto over 65, 80 euro ridotto ragazzi 5-14 anni. Tribuna laterale A\/B: 310 euro prezzo intero, 155 euro ridotto over 65, 130 euro ridotto ragazzi 5-14 anni. Tribuna centrale nord\/sud: 500 euro prezzo intero, 250 euro ridotto over 65, 160 euro ridotto ragazzi 5-14 anni. Tribuna centrale vip: 1200 euro prezzo intero senza alcun tipo di riduzione per le altre fasce.<\/p>\n<p style=\"text-align: justify;\">Per i non deambulanti con accompagnatore: ingresso gratuito. Per gli invalidi al 100% con accompagnatore: ingresso gratuito. Per gli invalidi dal 75% al 99% con accompagnatore: scontro del 50%.<\/p>\n<p style=\"text-align: justify;\">\n","protected":false},"excerpt":{"rendered":"<p>LATINA &#8211; Parte domani (gioved\u00ec 18 luglio) la campagna abbonamenti aperta a tutti i tifosi nerazzurri.\u00a0Questa sera alle 19 terminer\u00e0 la prima fase della campagna abbonamenti, quella con diritto di prelazione a favore degli abbonati della stagione 2012-&#8217;13. Domani prender\u00e0 il via la seconda fase, ovvero quella aperta a tutti i tifosi nerazzurri che vorranno [&hellip;]<\/p>\n","protected":false},"author":60,"featured_media":138736,"comment_status":"open","ping_status":"closed","sticky":false,"template":"","format":"standard","meta":{"footnotes":""},"categories":[17],"tags":[],"class_list":["post-138733","post","type-post","status-publish","format-standard","has-post-thumbnail","hentry","category-sport"],"_links":{"self":[{"href":"https:\/\/www.radioluna.it\/news\/wp-json\/wp\/v2\/posts\/138733","targetHints":{"allow":["GET"]}}],"collection":[{"href":"https:\/\/www.radioluna.it\/news\/wp-json\/wp\/v2\/posts"}],"about":[{"href":"https:\/\/www.radioluna.it\/news\/wp-json\/wp\/v2\/types\/post"}],"author":[{"embeddable":true,"href":"https:\/\/www.radioluna.it\/news\/wp-json\/wp\/v2\/users\/60"}],"replies":[{"embeddable":true,"href":"https:\/\/www.radioluna.it\/news\/wp-json\/wp\/v2\/comments?post=138733"}],"version-history":[{"count":0,"href":"https:\/\/www.radioluna.it\/news\/wp-json\/wp\/v2\/posts\/138733\/revisions"}],"wp:featuredmedia":[{"embeddable":true,"href":"https:\/\/www.radioluna.it\/news\/wp-json\/wp\/v2\/media\/138736"}],"wp:attachment":[{"href":"https:\/\/www.radioluna.it\/news\/wp-json\/wp\/v2\/media?parent=138733"}],"wp:term":[{"taxonomy":"category","embeddable":true,"href":"https:\/\/www.radioluna.it\/news\/wp-json\/wp\/v2\/categories?post=138733"},{"taxonomy":"post_tag","embeddable":true,"href":"https:\/\/www.radioluna.it\/news\/wp-json\/wp\/v2\/tags?post=138733"}],"curies":[{"name":"wp","href":"https:\/\/api.w.org\/{rel}","templated":true}]}}