{"id":138952,"date":"2013-07-22T17:50:29","date_gmt":"2013-07-22T15:50:29","guid":{"rendered":"http:\/\/www.radioluna.it\/news\/?p=138952"},"modified":"2013-07-22T17:50:29","modified_gmt":"2013-07-22T15:50:29","slug":"scuola-di-volo-comani-il-sindaco-se-confermato-il-trasferimento-e-una-grave-perdita","status":"publish","type":"post","link":"https:\/\/www.radioluna.it\/news\/2013\/07\/scuola-di-volo-comani-il-sindaco-se-confermato-il-trasferimento-e-una-grave-perdita\/","title":{"rendered":"SCUOLA DI VOLO COMANI<BR> Il sindaco: &#8220;Se confermato, il trasferimento \u00e8 una grave perdita&#8221;"},"content":{"rendered":"<div id=\"fb-root\"><\/div>\n<p style=\"text-align: justify;\"><strong><a href=\"http:\/\/www.radioluna.it\/news\/wp-content\/uploads\/2011\/08\/comani.jpg\"><img loading=\"lazy\" decoding=\"async\" class=\"alignleft size-full wp-image-108773\" alt=\"comani\" src=\"http:\/\/www.radioluna.it\/news\/wp-content\/uploads\/2011\/08\/comani.jpg\" width=\"280\" height=\"210\" \/><\/a>LATINA &#8211;<\/strong> \u201cL\u2019ipotesi di trasferimento della scuola di volo militare da Latina a Napoli Grazzanise, ancorch\u00e9 attualmente non confermata e priva di atti ufficializzati, \u00e8 una soluzione che comunque priverebbe la nostra citt\u00e0 di un importante centro di addestramento che da decenni garantisce al nostro territorio una prestigiosa presenza, importante anche sotto il profilo sociale ed economico\u201d.<\/p>\n<p style=\"text-align: justify;\">E\u2019 quanto afferma il Sindaco di Latina, Giovanni Di Giorgi, che nel ribadire la sua posizione di ampia apertura e disponibilit\u00e0 ad essere interprete di una azione istituzionale per valutare il futuro dell\u2019aeroporto \u201cComani\u201d, aggiunge:<\/p>\n<p style=\"text-align: justify;\">\u201cL\u2019aeroporto \u201cComani\u201d e la sua scuola di volo rappresentano un pezzo importante nella storia della nostra citt\u00e0, configurandosi anche come un interessante indotto di carattere economico che coinvolge centinaia di famiglie. Il progetto di un aeroporto civile a Latina, ipotesi che al momento non trova basi concrete e per la quale, nel mese di agosto di un anno fa, avevo chiesto chiarimenti all\u2019allora ministro Corrado Passera nell\u2019ambito del varo del nuovo piano nazionale degli aeroporti, rappresenta comunque un progetto complesso e difficile specie in questo particolare momento economico. Nel caso in cui si aprisse l\u2019interesse di soggetti pubblici e privati ad investire sull\u2019aeroporto di Latina, per un uso civile, sarebbe un positivo elemento e potrebbe essere certamente valutata anche l\u2019ipotesi di una proficua ed efficace coesistenza tra le due diverse realt\u00e0, civile e militare. Se, invece, oggi si aprisse la strada alla chiusura del \u201cComani\u201d, l\u2019unica certezza \u00e8 che si andrebbe a perdere un pezzo di storia della nostra citt\u00e0 e a compromettere un indotto economico non indifferente. Come amministrazione stiamo seguendo da vicino la situazione, anche attraverso il confronto con le massime autorit\u00e0 dell\u2019Aeronautica militare, per valutare ogni prospettiva di sviluppo del \u201cComani\u201d.<\/p>\n<p>&nbsp;<\/p>\n<div class=\"radio-posizionamento-telefono-in-articoli-dopo-il-contenuto-articolo radio-entity-placement\" id=\"radio-1448818857\"><div id=\"radio-2788063299\"><a href=\"https:\/\/www.simeoneceramiche.com\/\" aria-label=\"SIMEONE CERAMICHE GIF animata per radioluna_Tavola disegno 1 copia 2 (online-video-cutter.com)\"><img loading=\"lazy\" decoding=\"async\" src=\"https:\/\/www.radioluna.it\/news\/wp-content\/uploads\/2025\/05\/SIMEONE-CERAMICHE-GIF-animata-per-radioluna_Tavola-disegno-1-copia-2-online-video-cutter.com_.gif\" alt=\"\"  width=\"300\" height=\"250\"   \/><\/a><\/div><\/div>","protected":false},"excerpt":{"rendered":"<p>LATINA &#8211; \u201cL\u2019ipotesi di trasferimento della scuola di volo militare da Latina a Napoli Grazzanise, ancorch\u00e9 attualmente non confermata e priva di atti ufficializzati, \u00e8 una soluzione che comunque priverebbe la nostra citt\u00e0 di un importante centro di addestramento che da decenni garantisce al nostro territorio una prestigiosa presenza, importante anche sotto il profilo sociale [&hellip;]<\/p>\n","protected":false},"author":60,"featured_media":108773,"comment_status":"open","ping_status":"closed","sticky":false,"template":"","format":"standard","meta":{"footnotes":""},"categories":[8],"tags":[],"class_list":["post-138952","post","type-post","status-publish","format-standard","has-post-thumbnail","hentry","category-politica"],"_links":{"self":[{"href":"https:\/\/www.radioluna.it\/news\/wp-json\/wp\/v2\/posts\/138952","targetHints":{"allow":["GET"]}}],"collection":[{"href":"https:\/\/www.radioluna.it\/news\/wp-json\/wp\/v2\/posts"}],"about":[{"href":"https:\/\/www.radioluna.it\/news\/wp-json\/wp\/v2\/types\/post"}],"author":[{"embeddable":true,"href":"https:\/\/www.radioluna.it\/news\/wp-json\/wp\/v2\/users\/60"}],"replies":[{"embeddable":true,"href":"https:\/\/www.radioluna.it\/news\/wp-json\/wp\/v2\/comments?post=138952"}],"version-history":[{"count":0,"href":"https:\/\/www.radioluna.it\/news\/wp-json\/wp\/v2\/posts\/138952\/revisions"}],"wp:featuredmedia":[{"embeddable":true,"href":"https:\/\/www.radioluna.it\/news\/wp-json\/wp\/v2\/media\/108773"}],"wp:attachment":[{"href":"https:\/\/www.radioluna.it\/news\/wp-json\/wp\/v2\/media?parent=138952"}],"wp:term":[{"taxonomy":"category","embeddable":true,"href":"https:\/\/www.radioluna.it\/news\/wp-json\/wp\/v2\/categories?post=138952"},{"taxonomy":"post_tag","embeddable":true,"href":"https:\/\/www.radioluna.it\/news\/wp-json\/wp\/v2\/tags?post=138952"}],"curies":[{"name":"wp","href":"https:\/\/api.w.org\/{rel}","templated":true}]}}