{"id":139013,"date":"2013-07-24T09:39:59","date_gmt":"2013-07-24T07:39:59","guid":{"rendered":"http:\/\/www.radioluna.it\/news\/?p=139013"},"modified":"2013-07-24T18:31:18","modified_gmt":"2013-07-24T16:31:18","slug":"aeroporto-la-scuola-non-si-sposta-laeronautica-latina-e-strategica","status":"publish","type":"post","link":"https:\/\/www.radioluna.it\/news\/2013\/07\/aeroporto-la-scuola-non-si-sposta-laeronautica-latina-e-strategica\/","title":{"rendered":"AEROPORTO, LA SCUOLA NON SI SPOSTA<br>  L&#8217;Aeronautica: Latina \u00e8 strategica"},"content":{"rendered":"<div id=\"fb-root\"><\/div>\n<p><a href=\"http:\/\/www.radioluna.it\/news\/wp-content\/uploads\/2011\/08\/comani.jpg\"><img loading=\"lazy\" decoding=\"async\" class=\"alignleft size-thumbnail wp-image-108773\" alt=\"comani\" src=\"http:\/\/www.radioluna.it\/news\/wp-content\/uploads\/2011\/08\/comani-150x150.jpg\" width=\"150\" height=\"150\" srcset=\"https:\/\/www.radioluna.it\/news\/wp-content\/uploads\/2011\/08\/comani-150x150.jpg 150w, https:\/\/www.radioluna.it\/news\/wp-content\/uploads\/2011\/08\/comani-50x50.jpg 50w, https:\/\/www.radioluna.it\/news\/wp-content\/uploads\/2011\/08\/comani-80x80.jpg 80w\" sizes=\"auto, (max-width: 150px) 100vw, 150px\" \/><\/a><\/p>\n<p style=\"text-align: justify\">LATINA-\u00a0La Scuola di volo dell\u2019Aeronautica Militare non si trasferisce da Latina Scalo. La smentita ufficiale arriva dallo Stato Maggiore. &lt;Possiamo garantire che il 70esimo stormo non si sposter\u00e0 da Latina- ha detto il colonnello Achille Cazzaniga &#8211; perch\u00e8 \u00e8 strategica. L\u2019unica cosa che si sta valutando \u00e8 l\u2019eventuale riformulazione dell\u2019oggetto delle attivit\u00e0&gt;, la notizia \u00e8 riportata da Il Messaggero. Nei giorni scorsi infatti era filtrata l\u2019indiscrezione di un eventuale trasferimento del quartier generale dell\u2019Arma azzurra a Grazzanise in provincia di Caserta.<\/p>\n<p style=\"text-align: justify\">\n<p>&nbsp;<\/p>\n<div class=\"radio-posizionamento-telefono-in-articoli-dopo-il-contenuto-articolo radio-entity-placement\" id=\"radio-1014958918\"><div id=\"radio-3214542979\"><a href=\"https:\/\/grupporedi.it\/\" aria-label=\"Redi-Qr\"><img loading=\"lazy\" decoding=\"async\" src=\"https:\/\/www.radioluna.it\/news\/wp-content\/uploads\/2026\/03\/Redi-Qr.jpg\" alt=\"\"  srcset=\"https:\/\/www.radioluna.it\/news\/wp-content\/uploads\/2026\/03\/Redi-Qr.jpg 800w, https:\/\/www.radioluna.it\/news\/wp-content\/uploads\/2026\/03\/Redi-Qr-768x639.jpg 768w\" sizes=\"(max-width: 800px) 100vw, 800px\" width=\"300\" height=\"250\"   \/><\/a><\/div><\/div>","protected":false},"excerpt":{"rendered":"<p>LATINA-\u00a0La Scuola di volo dell\u2019Aeronautica Militare non si trasferisce da Latina Scalo. La smentita ufficiale arriva dallo Stato Maggiore. &lt;Possiamo garantire che il 70esimo stormo non si sposter\u00e0 da Latina- ha detto il colonnello Achille Cazzaniga &#8211; perch\u00e8 \u00e8 strategica. L\u2019unica cosa che si sta valutando \u00e8 l\u2019eventuale riformulazione dell\u2019oggetto delle attivit\u00e0&gt;, la notizia \u00e8 [&hellip;]<\/p>\n","protected":false},"author":60,"featured_media":108773,"comment_status":"open","ping_status":"closed","sticky":false,"template":"","format":"standard","meta":{"footnotes":""},"categories":[7],"tags":[],"class_list":["post-139013","post","type-post","status-publish","format-standard","has-post-thumbnail","hentry","category-cronaca"],"_links":{"self":[{"href":"https:\/\/www.radioluna.it\/news\/wp-json\/wp\/v2\/posts\/139013","targetHints":{"allow":["GET"]}}],"collection":[{"href":"https:\/\/www.radioluna.it\/news\/wp-json\/wp\/v2\/posts"}],"about":[{"href":"https:\/\/www.radioluna.it\/news\/wp-json\/wp\/v2\/types\/post"}],"author":[{"embeddable":true,"href":"https:\/\/www.radioluna.it\/news\/wp-json\/wp\/v2\/users\/60"}],"replies":[{"embeddable":true,"href":"https:\/\/www.radioluna.it\/news\/wp-json\/wp\/v2\/comments?post=139013"}],"version-history":[{"count":0,"href":"https:\/\/www.radioluna.it\/news\/wp-json\/wp\/v2\/posts\/139013\/revisions"}],"wp:featuredmedia":[{"embeddable":true,"href":"https:\/\/www.radioluna.it\/news\/wp-json\/wp\/v2\/media\/108773"}],"wp:attachment":[{"href":"https:\/\/www.radioluna.it\/news\/wp-json\/wp\/v2\/media?parent=139013"}],"wp:term":[{"taxonomy":"category","embeddable":true,"href":"https:\/\/www.radioluna.it\/news\/wp-json\/wp\/v2\/categories?post=139013"},{"taxonomy":"post_tag","embeddable":true,"href":"https:\/\/www.radioluna.it\/news\/wp-json\/wp\/v2\/tags?post=139013"}],"curies":[{"name":"wp","href":"https:\/\/api.w.org\/{rel}","templated":true}]}}