{"id":139019,"date":"2013-07-24T10:28:16","date_gmt":"2013-07-24T08:28:16","guid":{"rendered":"http:\/\/www.radioluna.it\/news\/?p=139019"},"modified":"2013-07-24T10:28:16","modified_gmt":"2013-07-24T08:28:16","slug":"volley-riecco-rossini-a-latina-siamo-una-squadra-competitiva","status":"publish","type":"post","link":"https:\/\/www.radioluna.it\/news\/2013\/07\/volley-riecco-rossini-a-latina-siamo-una-squadra-competitiva\/","title":{"rendered":"VOLLEY: RIECCO ROSSINI A LATINA:   Siamo una squadra competitiva"},"content":{"rendered":"<div id=\"fb-root\"><\/div>\n<p style=\"text-align: justify\"><a href=\"http:\/\/www.radioluna.it\/news\/wp-content\/uploads\/2013\/03\/Rossini-grintafoto-Mennella.jpg\"><img loading=\"lazy\" decoding=\"async\" class=\"alignleft size-thumbnail wp-image-132309\" alt=\"Rossini grinta(foto Mennella)\" src=\"http:\/\/www.radioluna.it\/news\/wp-content\/uploads\/2013\/03\/Rossini-grintafoto-Mennella-150x150.jpg\" width=\"150\" height=\"150\" srcset=\"https:\/\/www.radioluna.it\/news\/wp-content\/uploads\/2013\/03\/Rossini-grintafoto-Mennella-150x150.jpg 150w, https:\/\/www.radioluna.it\/news\/wp-content\/uploads\/2013\/03\/Rossini-grintafoto-Mennella-300x300.jpg 300w, https:\/\/www.radioluna.it\/news\/wp-content\/uploads\/2013\/03\/Rossini-grintafoto-Mennella-80x80.jpg 80w, https:\/\/www.radioluna.it\/news\/wp-content\/uploads\/2013\/03\/Rossini-grintafoto-Mennella-50x50.jpg 50w\" sizes=\"auto, (max-width: 150px) 100vw, 150px\" \/><\/a><\/p>\n<p style=\"text-align: justify\">LATINA-\u00a0\u00a0Si \u00e8 presentato con la medaglia di bronzo al collo conquistata poche ore prima con la nazionale italiana \u00a0nella finale che valeva il terzo posto a Mar del Plata in Argentina contro la Bulgaria nella World League. E\u2019 stato presentato ieri nella sede della Andreoli Latina davanti al presidente del club pontino Gianrio Falivene e al Ds, il libero Salvatore Rossini. \u00abIniziamo questa nuova stagione da Salvatore Rossini che \u00e8 reduce del viaggio Latina-Trento-Latina ma grazie alla volont\u00e0 di tutte le parti, Trento compresa, si \u00e8 risolta con il ritorno tra noi. Credo che i tifosi di Latina siano contenti di questo. Siamo sicuri che lo \u00e8 Santilli, che l\u2019aveva messo come prima scelta. Siamo l\u2019unica squadra che pu\u00f2 vantare entrambi i liberi del territorio, \u00e8 un motivo d\u2019orgoglio per noi e per la tutta provincia&gt; ha detto il massimo dirigente della societ\u00e0 Falivene. \u00a0La trattativa \u00e8 stata molto lunga ma alla fine \u00e8 andata in porto. &lt;Per me la rosa che abbiamo \u00e8 molto competitiva \u2013 ha detto Rossini &#8211; Skrimov in Argentina mi \u00e8 sembrato molto motivato, \u00e8 un giocatore molto tecnico che ha delle potenzialit\u00e0 enormi, speriamo che a Latina vengano fuori. L\u2019Andreoli ha dimostrato anche a livello europeo di essere una societ\u00e0 valida, non si pu\u00f2 ritenere una squadra \u2018provinciale\u2019 ma una realt\u00e0 importante nel mondo della pallavolo\u00bb.<\/p>\n<p style=\"text-align: justify\">\n","protected":false},"excerpt":{"rendered":"<p>LATINA-\u00a0\u00a0Si \u00e8 presentato con la medaglia di bronzo al collo conquistata poche ore prima con la nazionale italiana \u00a0nella finale che valeva il terzo posto a Mar del Plata in Argentina contro la Bulgaria nella World League. E\u2019 stato presentato ieri nella sede della Andreoli Latina davanti al presidente del club pontino Gianrio Falivene e [&hellip;]<\/p>\n","protected":false},"author":60,"featured_media":132309,"comment_status":"open","ping_status":"closed","sticky":false,"template":"","format":"standard","meta":{"footnotes":""},"categories":[17],"tags":[],"class_list":["post-139019","post","type-post","status-publish","format-standard","has-post-thumbnail","hentry","category-sport"],"_links":{"self":[{"href":"https:\/\/www.radioluna.it\/news\/wp-json\/wp\/v2\/posts\/139019","targetHints":{"allow":["GET"]}}],"collection":[{"href":"https:\/\/www.radioluna.it\/news\/wp-json\/wp\/v2\/posts"}],"about":[{"href":"https:\/\/www.radioluna.it\/news\/wp-json\/wp\/v2\/types\/post"}],"author":[{"embeddable":true,"href":"https:\/\/www.radioluna.it\/news\/wp-json\/wp\/v2\/users\/60"}],"replies":[{"embeddable":true,"href":"https:\/\/www.radioluna.it\/news\/wp-json\/wp\/v2\/comments?post=139019"}],"version-history":[{"count":0,"href":"https:\/\/www.radioluna.it\/news\/wp-json\/wp\/v2\/posts\/139019\/revisions"}],"wp:featuredmedia":[{"embeddable":true,"href":"https:\/\/www.radioluna.it\/news\/wp-json\/wp\/v2\/media\/132309"}],"wp:attachment":[{"href":"https:\/\/www.radioluna.it\/news\/wp-json\/wp\/v2\/media?parent=139019"}],"wp:term":[{"taxonomy":"category","embeddable":true,"href":"https:\/\/www.radioluna.it\/news\/wp-json\/wp\/v2\/categories?post=139019"},{"taxonomy":"post_tag","embeddable":true,"href":"https:\/\/www.radioluna.it\/news\/wp-json\/wp\/v2\/tags?post=139019"}],"curies":[{"name":"wp","href":"https:\/\/api.w.org\/{rel}","templated":true}]}}