{"id":139046,"date":"2013-07-24T17:55:34","date_gmt":"2013-07-24T15:55:34","guid":{"rendered":"http:\/\/www.radioluna.it\/news\/?p=139046"},"modified":"2013-07-24T17:55:34","modified_gmt":"2013-07-24T15:55:34","slug":"consiglio-nazionale-anci-i-sindaci-chiedono-incontro-con-letta","status":"publish","type":"post","link":"https:\/\/www.radioluna.it\/news\/2013\/07\/consiglio-nazionale-anci-i-sindaci-chiedono-incontro-con-letta\/","title":{"rendered":"CONSIGLIO NAZIONALE ANCI<BR> I sindaci chiedono incontro con Letta"},"content":{"rendered":"<div id=\"fb-root\"><\/div>\n<p style=\"text-align: justify;\"><strong><a href=\"http:\/\/www.radioluna.it\/news\/wp-content\/uploads\/2012\/02\/di-giorgi.jpg\"><img loading=\"lazy\" decoding=\"async\" class=\"alignleft size-medium wp-image-115677\" alt=\"di-giorgi\" src=\"http:\/\/www.radioluna.it\/news\/wp-content\/uploads\/2012\/02\/di-giorgi-300x271.jpg\" width=\"300\" height=\"271\" \/><\/a>LATINA<\/strong> &#8211; Il sindaco di Latina, Giovanni Di Giorgi, ha partecipato questa mattina a Roma al Consiglio nazionale dell\u2019Anci, presieduto dal sindaco di Torino Piero Fassino, nel corso del quale \u00e8 stato approvato all\u2019unanimit\u00e0 un ordine del giorno in cui i sindaci chiedono un incontro urgente al premier Letta e ai ministri Delrio e Saccomanni per convocare un tavolo negoziale unico dove si definiscano gli indirizzi, di medio e lungo periodo, sulle politiche finanziarie, sull&#8217;autonomia impositiva e di spesa e sulla revisione del patto di stabilit\u00e0.<br \/>\n\u201cLa richiesta dei sindaci scaturisce anche da un\u2019altra necessit\u00e0 urgente e improrogabile \u2013 afferma il sindaco di Latina, Giovanni Di Giorgi, componente del Consiglio nazionale dell\u2019Anci \u2013 e cio\u00e8 quella di sciogliere al pi\u00f9 presto i nodi che attualmente impediscono ai Comuni, a tutti i Comuni d\u2019Italia, di procedere all\u2019approvazione del bilancio. Ricordo, infatti, che entro il 30 settembre i Comuni devono chiudere i bilanci e per farlo \u00e8 necessario che il documento contabile sia predisposto i primi di settembre. Ecco perch\u00e9 il Governo deve darci certezze su Imu, Tares, Catasto e riparto del fondo di solidariet\u00e0 dei Comuni. I sindaci devono essere messi nelle condizioni di poter esercitare le proprie funzioni e dare risposte ai cittadini e per questo deve cessare la cieca politica del Governo che fa gravare su Comuni sempre nuovi tagli. L\u2019altra importane battaglia dell\u2019Anci \u2013 continua il sindaco di Latina &#8211; \u00e8 la revisione del Patto di stabilit\u00e0 con il suo allentamento e un meccanismo premiale verso i comuni virtuosi\u201d.<\/p>\n<p style=\"text-align: justify;\">Sempre in ambito Anci, il sindaco Di Giorgi ha poi partecipato, questa mattina, alla riunione della Consulta Anci per i Comuni sedi di servit\u00f9 nucleari, nel corso della quale \u00e8 stato comunicato che \u00e8 giunto alla sua fase conclusiva l\u2019iter di approvazione della delibera del Cipe, relativa alle misure compensative per l\u2019anno 2011.<br \/>\nLa delibera \u00e8 in attesa di pubblicazione e ancora non si conosce la determinazione degli importi spettanti ai singoli comuni.<br \/>\nAl riguardo La Consulta dei Comuni si far\u00e0 interprete di una iniziativa per ottenere dal Governo lo svincolo delle misure compensative dal patto di stabilit\u00e0.<br \/>\nNell\u2019ambito della stessa riunione il rappresentante dell\u2019Istituto Superiore di Sanit\u00e0 ha comunicato che si \u00e8 giunti alla conclusione della prima fase dell\u2019indagine epidemiologica nelle aree sedi delle vecchie centrali nucleari. I risultati di tale monitoraggio e la relativa metodologia saranno presentati pubblicamente entro il prossimo mese di ottobre, anche attraverso riunioni preso i singoli comuni.<br \/>\nIl Comune di Latina ha manifestato l\u2019auspicio che tale studio epidemiologico possa offrire dati maggiormente esaustivi rispetto allo studio sull\u2019argomento effettuato di recente dalla Regione Lazio.<\/p>\n<div class=\"radio-posizionamento-telefono-in-articoli-dopo-il-contenuto-articolo radio-entity-placement\" id=\"radio-3197921534\"><div id=\"radio-3810805005\" style=\"width: 300px;height: 250px;\"><a href=\"https:\/\/www.icarspa.it\/auto\/usate\/latina\/\" aria-label=\"banner aprile icar new life &#8211; auto usate latina\"><img loading=\"lazy\" decoding=\"async\" src=\"https:\/\/www.radioluna.it\/news\/wp-content\/uploads\/2026\/02\/banner-aprile-icar-new-life-auto-usate-latina.gif\" alt=\"\"  width=\"300\" height=\"250\"   \/><\/a><\/div><\/div>","protected":false},"excerpt":{"rendered":"<p>LATINA &#8211; Il sindaco di Latina, Giovanni Di Giorgi, ha partecipato questa mattina a Roma al Consiglio nazionale dell\u2019Anci, presieduto dal sindaco di Torino Piero Fassino, nel corso del quale \u00e8 stato approvato all\u2019unanimit\u00e0 un ordine del giorno in cui i sindaci chiedono un incontro urgente al premier Letta e ai ministri Delrio e Saccomanni [&hellip;]<\/p>\n","protected":false},"author":60,"featured_media":0,"comment_status":"open","ping_status":"closed","sticky":false,"template":"","format":"standard","meta":{"footnotes":""},"categories":[8],"tags":[],"class_list":["post-139046","post","type-post","status-publish","format-standard","hentry","category-politica"],"_links":{"self":[{"href":"https:\/\/www.radioluna.it\/news\/wp-json\/wp\/v2\/posts\/139046","targetHints":{"allow":["GET"]}}],"collection":[{"href":"https:\/\/www.radioluna.it\/news\/wp-json\/wp\/v2\/posts"}],"about":[{"href":"https:\/\/www.radioluna.it\/news\/wp-json\/wp\/v2\/types\/post"}],"author":[{"embeddable":true,"href":"https:\/\/www.radioluna.it\/news\/wp-json\/wp\/v2\/users\/60"}],"replies":[{"embeddable":true,"href":"https:\/\/www.radioluna.it\/news\/wp-json\/wp\/v2\/comments?post=139046"}],"version-history":[{"count":0,"href":"https:\/\/www.radioluna.it\/news\/wp-json\/wp\/v2\/posts\/139046\/revisions"}],"wp:attachment":[{"href":"https:\/\/www.radioluna.it\/news\/wp-json\/wp\/v2\/media?parent=139046"}],"wp:term":[{"taxonomy":"category","embeddable":true,"href":"https:\/\/www.radioluna.it\/news\/wp-json\/wp\/v2\/categories?post=139046"},{"taxonomy":"post_tag","embeddable":true,"href":"https:\/\/www.radioluna.it\/news\/wp-json\/wp\/v2\/tags?post=139046"}],"curies":[{"name":"wp","href":"https:\/\/api.w.org\/{rel}","templated":true}]}}