{"id":139062,"date":"2013-07-25T10:26:15","date_gmt":"2013-07-25T08:26:15","guid":{"rendered":"http:\/\/www.radioluna.it\/news\/?p=139062"},"modified":"2013-07-25T10:26:15","modified_gmt":"2013-07-25T08:26:15","slug":"caos-giustizia-incontro-in-tribunale","status":"publish","type":"post","link":"https:\/\/www.radioluna.it\/news\/2013\/07\/caos-giustizia-incontro-in-tribunale\/","title":{"rendered":"CAOS GIUSTIZIA  Incontro in Tribunale"},"content":{"rendered":"<div id=\"fb-root\"><\/div>\n<div id=\"attachment_126094\" style=\"width: 160px\" class=\"wp-caption alignleft\"><a href=\"http:\/\/www.radioluna.it\/news\/wp-content\/uploads\/2012\/10\/Piazza-del-tribunale-con-seminatore.jpg\"><img loading=\"lazy\" decoding=\"async\" aria-describedby=\"caption-attachment-126094\" class=\"size-thumbnail wp-image-126094\" alt=\"Tribunale\" src=\"http:\/\/www.radioluna.it\/news\/wp-content\/uploads\/2012\/10\/Piazza-del-tribunale-con-seminatore-150x150.jpg\" width=\"150\" height=\"150\" srcset=\"https:\/\/www.radioluna.it\/news\/wp-content\/uploads\/2012\/10\/Piazza-del-tribunale-con-seminatore-150x150.jpg 150w, https:\/\/www.radioluna.it\/news\/wp-content\/uploads\/2012\/10\/Piazza-del-tribunale-con-seminatore-300x300.jpg 300w, https:\/\/www.radioluna.it\/news\/wp-content\/uploads\/2012\/10\/Piazza-del-tribunale-con-seminatore-50x50.jpg 50w, https:\/\/www.radioluna.it\/news\/wp-content\/uploads\/2012\/10\/Piazza-del-tribunale-con-seminatore-80x80.jpg 80w\" sizes=\"auto, (max-width: 150px) 100vw, 150px\" \/><\/a><p id=\"caption-attachment-126094\" class=\"wp-caption-text\">Tribunale<\/p><\/div>\n<p>LATINA- E&#8217; previsto per oggi pomeriggio in Tribunale un incontro per affrontare il tema del trasferimento della sezione distaccata del Tribunale di Gaeta a Cassino e della soppressione della sezione di Terracina che sar\u00e0 accorpata a Latina. L&#8217;incontro \u00e8 molto importante per il futuro della giustizia pontina che come ha sottolineato pi\u00f9 volte lo stesso Ordine degli Avvocati e come ha ribadito il presidente del Tribunale D&#8217;Auria con una nota inviata al Csm rischierebbe \u00a0di andare in tilt. Gli effetti della riforma della geografia giudiziaria sarebbero infatti devastanti.<\/p>\n","protected":false},"excerpt":{"rendered":"<p>LATINA- E&#8217; previsto per oggi pomeriggio in Tribunale un incontro per affrontare il tema del trasferimento della sezione distaccata del Tribunale di Gaeta a Cassino e della soppressione della sezione di Terracina che sar\u00e0 accorpata a Latina. L&#8217;incontro \u00e8 molto importante per il futuro della giustizia pontina che come ha sottolineato pi\u00f9 volte lo stesso [&hellip;]<\/p>\n","protected":false},"author":60,"featured_media":126094,"comment_status":"open","ping_status":"closed","sticky":false,"template":"","format":"standard","meta":{"footnotes":""},"categories":[7],"tags":[],"class_list":["post-139062","post","type-post","status-publish","format-standard","has-post-thumbnail","hentry","category-cronaca"],"_links":{"self":[{"href":"https:\/\/www.radioluna.it\/news\/wp-json\/wp\/v2\/posts\/139062","targetHints":{"allow":["GET"]}}],"collection":[{"href":"https:\/\/www.radioluna.it\/news\/wp-json\/wp\/v2\/posts"}],"about":[{"href":"https:\/\/www.radioluna.it\/news\/wp-json\/wp\/v2\/types\/post"}],"author":[{"embeddable":true,"href":"https:\/\/www.radioluna.it\/news\/wp-json\/wp\/v2\/users\/60"}],"replies":[{"embeddable":true,"href":"https:\/\/www.radioluna.it\/news\/wp-json\/wp\/v2\/comments?post=139062"}],"version-history":[{"count":0,"href":"https:\/\/www.radioluna.it\/news\/wp-json\/wp\/v2\/posts\/139062\/revisions"}],"wp:featuredmedia":[{"embeddable":true,"href":"https:\/\/www.radioluna.it\/news\/wp-json\/wp\/v2\/media\/126094"}],"wp:attachment":[{"href":"https:\/\/www.radioluna.it\/news\/wp-json\/wp\/v2\/media?parent=139062"}],"wp:term":[{"taxonomy":"category","embeddable":true,"href":"https:\/\/www.radioluna.it\/news\/wp-json\/wp\/v2\/categories?post=139062"},{"taxonomy":"post_tag","embeddable":true,"href":"https:\/\/www.radioluna.it\/news\/wp-json\/wp\/v2\/tags?post=139062"}],"curies":[{"name":"wp","href":"https:\/\/api.w.org\/{rel}","templated":true}]}}