{"id":139077,"date":"2013-07-25T16:30:58","date_gmt":"2013-07-25T14:30:58","guid":{"rendered":"http:\/\/www.radioluna.it\/news\/?p=139077"},"modified":"2013-07-25T16:30:58","modified_gmt":"2013-07-25T14:30:58","slug":"roma-latina-fazzone-e-ora-di-decidere","status":"publish","type":"post","link":"https:\/\/www.radioluna.it\/news\/2013\/07\/roma-latina-fazzone-e-ora-di-decidere\/","title":{"rendered":"ROMA &#8211; LATINA<BR> Fazzone: &#8220;E&#8217; ora di decidere&#8221;"},"content":{"rendered":"<div id=\"fb-root\"><\/div>\n<p style=\"text-align: justify;\"><strong><a href=\"http:\/\/www.radioluna.it\/news\/wp-content\/uploads\/2011\/02\/Fazzone.jpg\"><img loading=\"lazy\" decoding=\"async\" class=\"alignleft size-medium wp-image-69374\" alt=\"Fazzone\" src=\"http:\/\/www.radioluna.it\/news\/wp-content\/uploads\/2011\/02\/Fazzone-300x200.jpg\" width=\"300\" height=\"200\" srcset=\"https:\/\/www.radioluna.it\/news\/wp-content\/uploads\/2011\/02\/Fazzone-300x200.jpg 300w, https:\/\/www.radioluna.it\/news\/wp-content\/uploads\/2011\/02\/Fazzone-500x333.jpg 500w, https:\/\/www.radioluna.it\/news\/wp-content\/uploads\/2011\/02\/Fazzone-600x400.jpg 600w, https:\/\/www.radioluna.it\/news\/wp-content\/uploads\/2011\/02\/Fazzone.jpg 660w\" sizes=\"auto, (max-width: 300px) 100vw, 300px\" \/><\/a>ROMA &#8211;<\/strong> \u201cInvito il presidente della Regione Lazio, Nicola Zingaretti, a chiarire la posizione sulla realizzazione della Roma \u2013 Latina, o corridoio intermodale. Non \u00e8 possibile attendere oltre. In questi giorni ho incontrato il ministro Lupi che mi ha fornito nuove certezze sulla fattibilit\u00e0 e sostenibilit\u00e0 di un\u2019opera indispensabile per garantire alla provincia di Latina di uscire dall\u2019isolamento, alle imprese di riprendere la propria attivit\u00e0, alla Pontina di non essere pi\u00f9 la strada pi\u00f9 pericolosa d\u2019Europa. Dal 2001 ad oggi il progetto \u00e8 stato sottoposto ad un iter lungo e complesso che ha garantito comunque di apportare modifiche e miglioramenti, laddove necessario, finalizzati alla funzionalit\u00e0 dell\u2019opera. Sono stati recepiti tutti i pareri ed ora non si pu\u00f2 pi\u00f9 far finta di nulla. Ci sono le interrogazioni sul progetto presentate dai consiglieri regionali, c\u2019\u00e8 l\u2019esigenza di dare il via libera all\u2019opera per non perdere i finanziamenti e il presidente della Regione Lazio deve relazionare in consiglio dichiarando la sua posizione in merito. Le proteste che si susseguono non possono essere una scusa per non prendersi la responsabilit\u00e0 delle scelte che chi amministra e fa politica ha il dovere di assumersi. Mi auguro che sul valore della Rom a \u2013 Latina e della Cisterna \u2013 Valmontone in termini di sviluppo e opportunit\u00e0 non ci siano dubbi strumentali e legati a particolarismi di bandiera che non guardano all\u2019interesse dei cittadini. Il comitato interministeriale aveva approvato il progetto definitivo del tratto compreso fra la A12 Roma &#8211; Civitavecchia e Tor de&#8217; Cenci nell&#8217;ambito del Corridoio intermodale Roma &#8211; Latina e del Collegamento Cisterna &#8211; Valmontone. Il finanziamento previsto, al netto dei ribassi d&#8217;asta, \u00e8 di circa 520 milioni di euro. A questi si devono aggiungere 1,319 milioni di euro per la tratta Roma (Tor de&#8217; Cenci) &#8211; Latina e 586,4 milioni di euro per la bretella Cisterna &#8211; Valmontone i cui progetti definitivi sono gi\u00e0 stati approvati dal Cipe, per 2.425,5 miliardi. La parte pubblica ammonta al 40% per 970,2 milioni di euro, di cui 468,1 milioni di euro gi\u00e0 disponibili. Dopo la pronuncia del consiglio di Stato doveva partire la gara d&#8217;appalto per l&#8217;apertura dei cantieri entro il 2013. Sedici chilometri di autostrada a pagamento, un maxi viadotto, una galleria e un ponte sul Tevere lungo un chilometro e mezzo e alto 25 metri. I contenziosi sono stati risolti. Non ci sono pi\u00f9 scuse per ritardare la chiusura della pratica e l\u2019avvio dei lavori usufruendo, tra l\u2019altro, della possibilit\u00e0 di mettere a gara i lotti gi\u00e0 finanziati. Lo stesso decreto del \u201cFare\u201d nel capitolo riservato alle opere da realizzare ha previsto \u201clo sblocco di alcuni vincoli anche per quanto riguarda il &#8220;Corridoio Tirrenico meridionale A12 &#8211; Appia e bretella autostradale Cisterna Valmontone\u201d. La Roma \u2013 Latina rappresenta una soluzione strategica per la mobilit\u00e0 di tutto il Lazio e una infrastruttura su cui si pu\u00f2 costruire il rilancio economico del territorio. Zingaretti ha il dovere di dire ai nostri concittadini se ha intenzione di dare il via libera al futuro o se preferisce proseguire sulla strada dell\u2019inerzia che ha caratterizzato il passato. Sono pronto a fare la mia parte, come accaduto in passato, per accelerare i tempi su questa opera ci sono i fondi, c\u2019\u00e8 un progetto definitivo, esiste un consenso trasversale a tutti i livelli istituzionali. Manca solo quello del presidente della Regione che non pu\u00f2 rimandare oltre la decisione. Un ulteriore ripensamento relegherebbe la realizzazione dell\u2019opera nell\u2019archivio delle opportunit\u00e0 perse e senza alcuna ragione\u201d.<\/p>\n<p>&nbsp;<\/p>\n<div class=\"radio-posizionamento-telefono-in-articoli-dopo-il-contenuto-articolo radio-entity-placement\" id=\"radio-3357805460\"><div id=\"radio-1426430223\" style=\"width: 300px;height: 250px;\"><a href=\"https:\/\/www.icarspa.it\/auto\/usate\/latina\/\" aria-label=\"banner aprile icar new life &#8211; auto usate latina\"><img loading=\"lazy\" decoding=\"async\" src=\"https:\/\/www.radioluna.it\/news\/wp-content\/uploads\/2026\/02\/banner-aprile-icar-new-life-auto-usate-latina.gif\" alt=\"\"  width=\"300\" height=\"250\"   \/><\/a><\/div><\/div>","protected":false},"excerpt":{"rendered":"<p>ROMA &#8211; \u201cInvito il presidente della Regione Lazio, Nicola Zingaretti, a chiarire la posizione sulla realizzazione della Roma \u2013 Latina, o corridoio intermodale. Non \u00e8 possibile attendere oltre. In questi giorni ho incontrato il ministro Lupi che mi ha fornito nuove certezze sulla fattibilit\u00e0 e sostenibilit\u00e0 di un\u2019opera indispensabile per garantire alla provincia di Latina [&hellip;]<\/p>\n","protected":false},"author":62,"featured_media":69374,"comment_status":"open","ping_status":"closed","sticky":false,"template":"","format":"standard","meta":{"footnotes":""},"categories":[8],"tags":[],"class_list":["post-139077","post","type-post","status-publish","format-standard","has-post-thumbnail","hentry","category-politica"],"_links":{"self":[{"href":"https:\/\/www.radioluna.it\/news\/wp-json\/wp\/v2\/posts\/139077","targetHints":{"allow":["GET"]}}],"collection":[{"href":"https:\/\/www.radioluna.it\/news\/wp-json\/wp\/v2\/posts"}],"about":[{"href":"https:\/\/www.radioluna.it\/news\/wp-json\/wp\/v2\/types\/post"}],"author":[{"embeddable":true,"href":"https:\/\/www.radioluna.it\/news\/wp-json\/wp\/v2\/users\/62"}],"replies":[{"embeddable":true,"href":"https:\/\/www.radioluna.it\/news\/wp-json\/wp\/v2\/comments?post=139077"}],"version-history":[{"count":0,"href":"https:\/\/www.radioluna.it\/news\/wp-json\/wp\/v2\/posts\/139077\/revisions"}],"wp:featuredmedia":[{"embeddable":true,"href":"https:\/\/www.radioluna.it\/news\/wp-json\/wp\/v2\/media\/69374"}],"wp:attachment":[{"href":"https:\/\/www.radioluna.it\/news\/wp-json\/wp\/v2\/media?parent=139077"}],"wp:term":[{"taxonomy":"category","embeddable":true,"href":"https:\/\/www.radioluna.it\/news\/wp-json\/wp\/v2\/categories?post=139077"},{"taxonomy":"post_tag","embeddable":true,"href":"https:\/\/www.radioluna.it\/news\/wp-json\/wp\/v2\/tags?post=139077"}],"curies":[{"name":"wp","href":"https:\/\/api.w.org\/{rel}","templated":true}]}}