{"id":139088,"date":"2013-07-25T18:12:17","date_gmt":"2013-07-25T16:12:17","guid":{"rendered":"http:\/\/www.radioluna.it\/news\/?p=139088"},"modified":"2013-07-25T18:12:17","modified_gmt":"2013-07-25T16:12:17","slug":"giornata-della-legalita-di-giorgi-candida-latina","status":"publish","type":"post","link":"https:\/\/www.radioluna.it\/news\/2013\/07\/giornata-della-legalita-di-giorgi-candida-latina\/","title":{"rendered":"GIORNATA DELLA LEGALITA&#8217;<BR> Di Giorgi candida Latina"},"content":{"rendered":"<div id=\"fb-root\"><\/div>\n<p style=\"text-align: justify;\"><strong><a href=\"http:\/\/www.radioluna.it\/news\/wp-content\/uploads\/2013\/04\/comune-latina-con-palla.jpg\"><img loading=\"lazy\" decoding=\"async\" class=\"alignleft size-medium wp-image-134540\" alt=\"comune latina con palla\" src=\"http:\/\/www.radioluna.it\/news\/wp-content\/uploads\/2013\/04\/comune-latina-con-palla-225x300.jpg\" width=\"225\" height=\"300\" srcset=\"https:\/\/www.radioluna.it\/news\/wp-content\/uploads\/2013\/04\/comune-latina-con-palla-225x300.jpg 225w, https:\/\/www.radioluna.it\/news\/wp-content\/uploads\/2013\/04\/comune-latina-con-palla.jpg 375w\" sizes=\"auto, (max-width: 225px) 100vw, 225px\" \/><\/a>LATINA &#8211;<\/strong> A seguito della cerimonia che si \u00e8 tenuta ieri nella sede del Consiglio regionale del Lazio, per l\u2019intitolazione di una sala ai \u201cGiovani contro le mafie\u201d, il sindaco di Latina, Giovanni Di Giorgi, ha avuto oggi un colloquio con il presidente del Consiglio regionale, Daniele Leodori, a cui ha comunicato lo disponibilit\u00e0 da parte del Comune di Latina ad ospitare la prossima \u201cGiornata della Legalit\u00e0\u201d, promossa dall\u2019associazione \u201cLibera\u201d.<br \/>\n\u201cLatina \u00e8 orgogliosa di poter ospitare una manifestazione cos\u00ec importante e significativa \u2013 afferma il sindaco Di Giorgi \u2013 Ho parlato con il presidente Leodori e a lui ho espresso la piena disponibilit\u00e0 dell\u2019amministrazione e della citt\u00e0 per essere sede di tale evento. Confermo il sostegno all\u2019associazione \u201cLibera\u201d e all\u2019attivit\u00e0 promossa da Don Luigi Ciotti e dai suoi collaboratori, con cui la citt\u00e0 di Latina intrattiene da tempo una proficua collaborazione per iniziative nella direzione della lotta alla criminalit\u00e0, alle mafie e a ogni forma di violenza. Ritengo, infatti, che iniziative di tal genere siano anche e soprattutto un grande segnale di civilt\u00e0 e in tal senso le istituzioni hanno il dovere di collaborare con le realt\u00e0 associative. Da questo punto vista ho trovato intesa e cordialit\u00e0 con il presidente Leodori, nel comune intento di contribuire a realizzare la prossima Giornata della Legalit\u00e0 a Latina\u201d.<\/p>\n<p>&nbsp;<\/p>\n<div class=\"radio-posizionamento-telefono-in-articoli-dopo-il-contenuto-articolo radio-entity-placement\" id=\"radio-2667579684\"><div id=\"radio-1408748710\"><a href=\"https:\/\/www.simeoneceramiche.com\/\" aria-label=\"SIMEONE CERAMICHE GIF animata per radioluna_Tavola disegno 1 copia 2 (online-video-cutter.com)\"><img loading=\"lazy\" decoding=\"async\" src=\"https:\/\/www.radioluna.it\/news\/wp-content\/uploads\/2025\/05\/SIMEONE-CERAMICHE-GIF-animata-per-radioluna_Tavola-disegno-1-copia-2-online-video-cutter.com_.gif\" alt=\"\"  width=\"300\" height=\"250\"   \/><\/a><\/div><\/div>","protected":false},"excerpt":{"rendered":"<p>LATINA &#8211; A seguito della cerimonia che si \u00e8 tenuta ieri nella sede del Consiglio regionale del Lazio, per l\u2019intitolazione di una sala ai \u201cGiovani contro le mafie\u201d, il sindaco di Latina, Giovanni Di Giorgi, ha avuto oggi un colloquio con il presidente del Consiglio regionale, Daniele Leodori, a cui ha comunicato lo disponibilit\u00e0 da [&hellip;]<\/p>\n","protected":false},"author":60,"featured_media":134540,"comment_status":"open","ping_status":"closed","sticky":false,"template":"","format":"standard","meta":{"footnotes":""},"categories":[8],"tags":[],"class_list":["post-139088","post","type-post","status-publish","format-standard","has-post-thumbnail","hentry","category-politica"],"_links":{"self":[{"href":"https:\/\/www.radioluna.it\/news\/wp-json\/wp\/v2\/posts\/139088","targetHints":{"allow":["GET"]}}],"collection":[{"href":"https:\/\/www.radioluna.it\/news\/wp-json\/wp\/v2\/posts"}],"about":[{"href":"https:\/\/www.radioluna.it\/news\/wp-json\/wp\/v2\/types\/post"}],"author":[{"embeddable":true,"href":"https:\/\/www.radioluna.it\/news\/wp-json\/wp\/v2\/users\/60"}],"replies":[{"embeddable":true,"href":"https:\/\/www.radioluna.it\/news\/wp-json\/wp\/v2\/comments?post=139088"}],"version-history":[{"count":0,"href":"https:\/\/www.radioluna.it\/news\/wp-json\/wp\/v2\/posts\/139088\/revisions"}],"wp:featuredmedia":[{"embeddable":true,"href":"https:\/\/www.radioluna.it\/news\/wp-json\/wp\/v2\/media\/134540"}],"wp:attachment":[{"href":"https:\/\/www.radioluna.it\/news\/wp-json\/wp\/v2\/media?parent=139088"}],"wp:term":[{"taxonomy":"category","embeddable":true,"href":"https:\/\/www.radioluna.it\/news\/wp-json\/wp\/v2\/categories?post=139088"},{"taxonomy":"post_tag","embeddable":true,"href":"https:\/\/www.radioluna.it\/news\/wp-json\/wp\/v2\/tags?post=139088"}],"curies":[{"name":"wp","href":"https:\/\/api.w.org\/{rel}","templated":true}]}}