{"id":139128,"date":"2013-07-26T16:28:29","date_gmt":"2013-07-26T14:28:29","guid":{"rendered":"http:\/\/www.radioluna.it\/news\/?p=139128"},"modified":"2013-07-29T10:48:18","modified_gmt":"2013-07-29T08:48:18","slug":"flash-uomo-trovato-morto-in-casa-lipotesi-di-un-omicidio","status":"publish","type":"post","link":"https:\/\/www.radioluna.it\/news\/2013\/07\/flash-uomo-trovato-morto-in-casa-lipotesi-di-un-omicidio\/","title":{"rendered":"TROVATO MORTO IN CASA E SFIGURATO DAL CANE"},"content":{"rendered":"<div id=\"fb-root\"><\/div>\n<p><a href=\"http:\/\/www.radioluna.it\/news\/wp-content\/uploads\/2013\/07\/PICT0395.jpg\"><img loading=\"lazy\" decoding=\"async\" class=\"alignleft size-medium wp-image-139148\" alt=\"PICT0395\" src=\"http:\/\/www.radioluna.it\/news\/wp-content\/uploads\/2013\/07\/PICT0395-300x225.jpg\" width=\"300\" height=\"225\" \/><\/a>LATINA- E&#8217; stato trovato morto in casa oggi alle 14 nell&#8217;appartamento al terzo piano di via Paganini \u00a0a Latina dove viveva da solo insieme al suo cane, un bassotto. Il corpo di un uomo di 73 anni, di Latina, un carabiniere in pensione, era riverso a terra sul balcone. Sono stati i vicini allarmati dal sangue che grondava a dare l&#8217;allarme alle 13,40 \u00a0alla polizia e ai vigili del fuoco che hanno aperto la porta e hanno poi trovato il cadavere. In base ai primi accertamenti la testa, in particolare la parte destra, presentava diverse ferite. Al termine del sopralluogo che \u00e8 stato eseguito dal capo della Squadra Mobile Sebastiano Bartolotta, dal sostituto procuratore Giuseppe Bontempo e dal medico legale Silvestro Mauriello \u00a0l&#8217;ipotesi di un omicidio \u00e8 stata accantonata. \u00a0Gli inquirenti hanno ricostruito la dinamica di quello che \u00e8 accaduto nell&#8217;appartamento. L&#8217;uomo \u00a0\u00e8 stato visto rientrare a casa con il cane intorno a mezzogiorno e nessuno dei vicini ha sentito rumori strani provenire dall&#8217;appartamento o si \u00e8 insospettito. \u00a0Gli inquirenti ipotizzano che l&#8217;uomo potrebbe aver avuto un malore mentre era sul terrazzo e che \u00e8 caduto a terra, \u00a0ha perso molto sangue e quando \u00e8 morto probabilmente il cane dopo averlo vegliato lo avrebbe sfigurato con dei morsi. \u00a0E&#8217; questa la ricostruzione che porta gli investigatori a scartare, anche se con grande cautela per il momento, l&#8217;ipotesi del delitto anche perch\u00e8 il 73enne aveva in tasca una somma di denaro molto consistente \u00a0e inoltre a casa non \u00e8 stato portato via nulla.La polizia inoltre non ha trovato segni di violenza in altre parti del corpo compatibili con un&#8217;arma o con un coltello.\u00a0Le indagini sono affidate alla Squadra Mobile. \u00a0In via Paganini sono intervenuti gli agenti della Squadra Volante, i carabinieri, i vigili del fuoco e poi il 118. \u00a0\u00a0La salma \u00e8 a disposizione dell&#8217;autorit\u00e0 giudiziaria, dopo che il medico legale Silvestro Mauriello ha esaminato il cadavere e domani con ogni probabilit\u00e0 sar\u00e0 affidato l&#8217;incarico. \u00a0&lt;Era una persona molto tranquilla e semplice&gt;, hanno detto i vicini di casa e che viveva da sola dopo che aveva perso la moglie.<\/p>\n<p style=\"text-align: justify;\">\n","protected":false},"excerpt":{"rendered":"<p>LATINA- E&#8217; stato trovato morto in casa oggi alle 14 nell&#8217;appartamento al terzo piano di via Paganini \u00a0a Latina dove viveva da solo insieme al suo cane, un bassotto. Il corpo di un uomo di 73 anni, di Latina, un carabiniere in pensione, era riverso a terra sul balcone. Sono stati i vicini allarmati dal [&hellip;]<\/p>\n","protected":false},"author":60,"featured_media":0,"comment_status":"open","ping_status":"closed","sticky":false,"template":"","format":"standard","meta":{"footnotes":""},"categories":[7],"tags":[],"class_list":["post-139128","post","type-post","status-publish","format-standard","hentry","category-cronaca"],"_links":{"self":[{"href":"https:\/\/www.radioluna.it\/news\/wp-json\/wp\/v2\/posts\/139128","targetHints":{"allow":["GET"]}}],"collection":[{"href":"https:\/\/www.radioluna.it\/news\/wp-json\/wp\/v2\/posts"}],"about":[{"href":"https:\/\/www.radioluna.it\/news\/wp-json\/wp\/v2\/types\/post"}],"author":[{"embeddable":true,"href":"https:\/\/www.radioluna.it\/news\/wp-json\/wp\/v2\/users\/60"}],"replies":[{"embeddable":true,"href":"https:\/\/www.radioluna.it\/news\/wp-json\/wp\/v2\/comments?post=139128"}],"version-history":[{"count":0,"href":"https:\/\/www.radioluna.it\/news\/wp-json\/wp\/v2\/posts\/139128\/revisions"}],"wp:attachment":[{"href":"https:\/\/www.radioluna.it\/news\/wp-json\/wp\/v2\/media?parent=139128"}],"wp:term":[{"taxonomy":"category","embeddable":true,"href":"https:\/\/www.radioluna.it\/news\/wp-json\/wp\/v2\/categories?post=139128"},{"taxonomy":"post_tag","embeddable":true,"href":"https:\/\/www.radioluna.it\/news\/wp-json\/wp\/v2\/tags?post=139128"}],"curies":[{"name":"wp","href":"https:\/\/api.w.org\/{rel}","templated":true}]}}