{"id":139185,"date":"2013-07-29T09:49:36","date_gmt":"2013-07-29T07:49:36","guid":{"rendered":"http:\/\/www.radioluna.it\/news\/?p=139185"},"modified":"2013-07-29T15:59:03","modified_gmt":"2013-07-29T13:59:03","slug":"calcio-oggi-la-firma-di-chirico-per-il-latina-ultimo-giorno-di-ritiro","status":"publish","type":"post","link":"https:\/\/www.radioluna.it\/news\/2013\/07\/calcio-oggi-la-firma-di-chirico-per-il-latina-ultimo-giorno-di-ritiro\/","title":{"rendered":"CALCIO: OGGI LA FIRMA DI CHIRICO&#8217;  Per il Latina ultimo giorno di ritiro"},"content":{"rendered":"<div id=\"fb-root\"><\/div>\n<p><a href=\"http:\/\/www.radioluna.it\/news\/wp-content\/uploads\/2013\/07\/Latina_Calcio_US_bandiera_animata-300x196.gif\"><img loading=\"lazy\" decoding=\"async\" class=\"alignleft size-thumbnail wp-image-138736\" alt=\"Latina_Calcio_US_bandiera_animata-300x196\" src=\"http:\/\/www.radioluna.it\/news\/wp-content\/uploads\/2013\/07\/Latina_Calcio_US_bandiera_animata-300x196-150x150.gif\" width=\"150\" height=\"150\" srcset=\"https:\/\/www.radioluna.it\/news\/wp-content\/uploads\/2013\/07\/Latina_Calcio_US_bandiera_animata-300x196-150x150.gif 150w, https:\/\/www.radioluna.it\/news\/wp-content\/uploads\/2013\/07\/Latina_Calcio_US_bandiera_animata-300x196-80x80.gif 80w, https:\/\/www.radioluna.it\/news\/wp-content\/uploads\/2013\/07\/Latina_Calcio_US_bandiera_animata-300x196-50x50.gif 50w\" sizes=\"auto, (max-width: 150px) 100vw, 150px\" \/><\/a><\/p>\n<p style=\"text-align: justify;\"><strong>LATINA-\u00a0<\/strong>Cosimo Chiric\u00f2 giocher\u00e0 nel Latina. L&#8217;esterno offensivo nato nel 1991 a Brindisi arriva in prestito dal Parma. La scorsa stagione ha vestito la maglia del Lecce in I divisione. Dopo essere cresciuto nella Scuola calcio brindisina, Chiric\u00f2 a 14 anni \u00e8 stato acquistato dal Lecce: in giallorosso ha giocato fino a 17 anni, poi le esperienze (in prestito) a Lamezia Terme e Casarano in serie D, e in I divisione con la Virtus Lanciano. Lo scorso anno \u00e8 tornato a Lecce, l&#8217;ottima stagione disputata in giallorosso non ha lasciato indifferente il Parma: il club emiliano, prima di girarlo in prestito al Latina, l&#8217;ha prelevato dalla societ\u00e0 salentina con un contratto che scadr\u00e0 nel 2017.<\/p>\n<p style=\"text-align: justify;\"><strong>DICHIARAZIONI &#8211;<\/strong> \u201cPer me si tratta di un&#8217;occasione molto importante \u2013 ha dichiarato Cosimo Chiric\u00f2 stamane dopo la firma nella sede di piazzale Prampolini \u2013 Dovr\u00f2 dimostrare di essere cresciuto e di meritarmi la fiducia di Parma e Latina. Nonostante mi volessero parecchie squadre, ho scelto di venire qui affascinato da una piazza che ha un grande entusiasmo per il primo campionato di serie B che affronter\u00e0 dopo tanti anni di storia. Inoltre sono rimasto impressionato dalla dirigenza, sono persone che hanno tanta voglia di fare bene per il calcio in questa citt\u00e0. Sono pronto per giocarmi una maglia, consapevole che la concorrenza sar\u00e0 tanta: il mio obiettivo \u00e8 lavorare sodo e ripagare la fiducia della societ\u00e0\u201d.<\/p>\n<p><strong>RITIRO &#8211;<\/strong> Per la formazione di Auteri quello di oggi \u00e8 l\u2019ultimo giorno di ritiro a Norcia, in serata \u00e8 previsto il ritorno nel capoluogo e saranno concessi due giorni di riposo, poi si riprende. \u00a0Intanto il primo agosto alle 18 a \u00a0Palermo sar\u00e0 presentato ufficialmente il campionato di serie B con i sorteggi per il calendario.<\/p>\n<p>&nbsp;<\/p>\n<p>&nbsp;<\/p>\n","protected":false},"excerpt":{"rendered":"<p>LATINA-\u00a0Cosimo Chiric\u00f2 giocher\u00e0 nel Latina. L&#8217;esterno offensivo nato nel 1991 a Brindisi arriva in prestito dal Parma. La scorsa stagione ha vestito la maglia del Lecce in I divisione. Dopo essere cresciuto nella Scuola calcio brindisina, Chiric\u00f2 a 14 anni \u00e8 stato acquistato dal Lecce: in giallorosso ha giocato fino a 17 anni, poi le [&hellip;]<\/p>\n","protected":false},"author":60,"featured_media":138736,"comment_status":"open","ping_status":"closed","sticky":false,"template":"","format":"standard","meta":{"footnotes":""},"categories":[17],"tags":[],"class_list":["post-139185","post","type-post","status-publish","format-standard","has-post-thumbnail","hentry","category-sport"],"_links":{"self":[{"href":"https:\/\/www.radioluna.it\/news\/wp-json\/wp\/v2\/posts\/139185","targetHints":{"allow":["GET"]}}],"collection":[{"href":"https:\/\/www.radioluna.it\/news\/wp-json\/wp\/v2\/posts"}],"about":[{"href":"https:\/\/www.radioluna.it\/news\/wp-json\/wp\/v2\/types\/post"}],"author":[{"embeddable":true,"href":"https:\/\/www.radioluna.it\/news\/wp-json\/wp\/v2\/users\/60"}],"replies":[{"embeddable":true,"href":"https:\/\/www.radioluna.it\/news\/wp-json\/wp\/v2\/comments?post=139185"}],"version-history":[{"count":0,"href":"https:\/\/www.radioluna.it\/news\/wp-json\/wp\/v2\/posts\/139185\/revisions"}],"wp:featuredmedia":[{"embeddable":true,"href":"https:\/\/www.radioluna.it\/news\/wp-json\/wp\/v2\/media\/138736"}],"wp:attachment":[{"href":"https:\/\/www.radioluna.it\/news\/wp-json\/wp\/v2\/media?parent=139185"}],"wp:term":[{"taxonomy":"category","embeddable":true,"href":"https:\/\/www.radioluna.it\/news\/wp-json\/wp\/v2\/categories?post=139185"},{"taxonomy":"post_tag","embeddable":true,"href":"https:\/\/www.radioluna.it\/news\/wp-json\/wp\/v2\/tags?post=139185"}],"curies":[{"name":"wp","href":"https:\/\/api.w.org\/{rel}","templated":true}]}}