{"id":139211,"date":"2013-07-29T16:18:04","date_gmt":"2013-07-29T14:18:04","guid":{"rendered":"http:\/\/www.radioluna.it\/news\/?p=139211"},"modified":"2013-07-29T16:18:04","modified_gmt":"2013-07-29T14:18:04","slug":"emergenza-caldo-i-servizi-del-comune-di-latina","status":"publish","type":"post","link":"https:\/\/www.radioluna.it\/news\/2013\/07\/emergenza-caldo-i-servizi-del-comune-di-latina\/","title":{"rendered":"EMERGENZA CALDO<BR> I servizi del Comune di Latina"},"content":{"rendered":"<div id=\"fb-root\"><\/div>\n<p style=\"text-align: justify;\"><strong><a href=\"http:\/\/www.radioluna.it\/news\/wp-content\/uploads\/2010\/07\/caldo.jpg\"><img loading=\"lazy\" decoding=\"async\" class=\"alignleft size-medium wp-image-7608\" alt=\"caldo\" src=\"http:\/\/www.radioluna.it\/news\/wp-content\/uploads\/2010\/07\/caldo-300x208.jpg\" width=\"300\" height=\"208\" \/><\/a>LATINA &#8211;<\/strong> Con l\u2019arrivo della stagione estiva e il consequenziale aumento delle temperature, anche per l\u2019estate 2013 l\u2019Amministrazione comunale di Latina garantisce una serie di Servizi a tutela della salute della popolazione anziana e di persone affette da patologie croniche e cardiovascolari, che sono tra le categorie maggiormente esposte al rischio legato alle ondate di calore.<\/p>\n<p>I Servizi messi in atto sono:<\/p>\n<p>&nbsp;<\/p>\n<p>&#8211; Servizio di assistenza domiciliare<\/p>\n<p>&#8211; Servizio di teleassistenza<\/p>\n<p>&#8211; Servizio di pasti a domicilio<\/p>\n<p>&nbsp;<\/p>\n<p>La sede dei servizi sociali presso cui rivolgersi \u00e8 Piazza del Popolo 14, con apertura dal luned\u00ec al venerd\u00ec mattina dalle ore 9:00 alle ore 13:00 e il marted\u00ec e il gioved\u00ec con apertura anche pomeridiana, dalle ore 15:00 alle 17:00. Recapito telefonico: 0773\/652665.<\/p>\n<p>&nbsp;<\/p>\n<p>\u00c8 possibile recarsi anche presso la sede degli uffici in Via Duca del mare, 7 nei giorni di marted\u00ec e gioved\u00ec dalle ore 9:00 alle ore 13:00 e dalle 15:00 alle 17:00. Recapiti telefonici: 0773\/652501 e 0773\/652020.<\/p>\n<p>&nbsp;<\/p>\n<p>ALCUNI SUGGERIMENTI PER DIFENDERSI DAL CALDO<\/p>\n<p>&nbsp;<\/p>\n<p>Ecco alcuni suggerimenti per difendersi dal caldo, su indicazione della Asl, in riferimento a questi giorni in cui la temperatura sar\u00e0 particolarmente elevata.<\/p>\n<p>&nbsp;<\/p>\n<p>&nbsp;<\/p>\n<p>1) Durante la giornata \u00e8 consigliato arieggiare casa nelle ore fresche mentre, in quelle calde, \u00e8 importante tenere finestre chiuse e persiane abbassate per evitare l\u2019esposizione al sole e alle correnti d\u2019aria.<\/p>\n<p>2) Nel caso abbiate un condizionatore, cercate di programmarlo ad una temperatura tra i 25 e i 27 gradi.<\/p>\n<p>3) Se si utilizza un ventilatore per rinfrescarsi, il flusso dell\u2019aria non deve mai essere direttamente puntato verso le persona\/e<\/p>\n<p>4) Fare bagni o docce con acqua tiepida<\/p>\n<p>5) E\u2019 preferibile uscire di casa durante le ore meno calde (evitando assolutamente la fascia oraria fra le 11.00 e le 17.00), vestendosi in modo leggero, con capi di colore chiaro, di lino, cotone o fibre naturali.<\/p>\n<p>6) Fuori casa \u00e8 necessario coprirsi il capo e proteggersi la pelle tramite creme solari ad alta protezione.<\/p>\n<p>7) Bere molto, soprattutto acqua e frullati di frutta, evitando bibite gassate o alcolici<\/p>\n<p>8) Per i pasti sono consigliati cibi leggeri e poco conditi.<\/p>\n<p>9) Nel caso in cui si assumano medicine per il diabete, per la pressione o il cuore, \u00e8 necessario consultare un medico per \u201caggiustare\u201d la terapia.<\/p>\n<p>10) Se si soffre di patologie bronco polmonari, evitate di passeggiare nelle ore pi\u00f9 calde, o di passare all\u2019improvviso dal caldo al freddo. Nell\u2019eventualit\u00e0 si avverta mal di testa, debolezza, cali di pressione o sensazione di svenimento, \u00e8 bene bagnarsi subito la testa con acqua fresca e chiamare aiuto.<\/p>\n<p>&nbsp;<\/p>\n<p>COSA FARE IN CASO DI EMERGENZA<\/p>\n<p>&nbsp;<\/p>\n<p>Se qualcuno \u00e8 vittima di un colpo di calore mentre si aspettano i soccorsi:<\/p>\n<p>&#8211; Trasportare la persona in un luogo fresco e misurare la temperatura corporea.<\/p>\n<p>&#8211; Spruzzare acqua fresca sul corpo, avvolgere la persona in un lenzuolo bagnato e ventilare.<\/p>\n<p>&#8211; Se la persona \u00e8 cosciente, fare bere liquidi e non somministrare alcun farmaco.<\/p>\n<p>&#8211; Prestare sempre attenzione alle previsioni sul calore.<\/p>\n<p>&nbsp;<\/p>\n<p>Questi i numeri utili<\/p>\n<p>&nbsp;<\/p>\n<p>&#8211; GUARDIA MEDICA 0773\/662175\/661038<\/p>\n<p>&#8211; PRONTO INTERVENTO 118<\/p>\n<p>&nbsp;<\/p>\n<p>Per informazioni e consigli:<\/p>\n<p>&nbsp;<\/p>\n<p>&#8211; Ambulatorio infermieristico 0773\/6553043<\/p>\n<p>&nbsp;<\/p>\n","protected":false},"excerpt":{"rendered":"<p>LATINA &#8211; Con l\u2019arrivo della stagione estiva e il consequenziale aumento delle temperature, anche per l\u2019estate 2013 l\u2019Amministrazione comunale di Latina garantisce una serie di Servizi a tutela della salute della popolazione anziana e di persone affette da patologie croniche e cardiovascolari, che sono tra le categorie maggiormente esposte al rischio legato alle ondate di [&hellip;]<\/p>\n","protected":false},"author":60,"featured_media":0,"comment_status":"open","ping_status":"closed","sticky":false,"template":"","format":"standard","meta":{"footnotes":""},"categories":[7],"tags":[],"class_list":["post-139211","post","type-post","status-publish","format-standard","hentry","category-cronaca"],"_links":{"self":[{"href":"https:\/\/www.radioluna.it\/news\/wp-json\/wp\/v2\/posts\/139211","targetHints":{"allow":["GET"]}}],"collection":[{"href":"https:\/\/www.radioluna.it\/news\/wp-json\/wp\/v2\/posts"}],"about":[{"href":"https:\/\/www.radioluna.it\/news\/wp-json\/wp\/v2\/types\/post"}],"author":[{"embeddable":true,"href":"https:\/\/www.radioluna.it\/news\/wp-json\/wp\/v2\/users\/60"}],"replies":[{"embeddable":true,"href":"https:\/\/www.radioluna.it\/news\/wp-json\/wp\/v2\/comments?post=139211"}],"version-history":[{"count":0,"href":"https:\/\/www.radioluna.it\/news\/wp-json\/wp\/v2\/posts\/139211\/revisions"}],"wp:attachment":[{"href":"https:\/\/www.radioluna.it\/news\/wp-json\/wp\/v2\/media?parent=139211"}],"wp:term":[{"taxonomy":"category","embeddable":true,"href":"https:\/\/www.radioluna.it\/news\/wp-json\/wp\/v2\/categories?post=139211"},{"taxonomy":"post_tag","embeddable":true,"href":"https:\/\/www.radioluna.it\/news\/wp-json\/wp\/v2\/tags?post=139211"}],"curies":[{"name":"wp","href":"https:\/\/api.w.org\/{rel}","templated":true}]}}