{"id":139407,"date":"2013-07-31T16:36:52","date_gmt":"2013-07-31T14:36:52","guid":{"rendered":"http:\/\/www.radioluna.it\/news\/?p=139407"},"modified":"2013-07-31T16:36:52","modified_gmt":"2013-07-31T14:36:52","slug":"via-romagnoli-iniziati-i-lavori","status":"publish","type":"post","link":"https:\/\/www.radioluna.it\/news\/2013\/07\/via-romagnoli-iniziati-i-lavori\/","title":{"rendered":"VIA ROMAGNOLI<BR> Iniziati i lavori"},"content":{"rendered":"<div id=\"fb-root\"><\/div>\n<p style=\"text-align: justify;\"><strong><a href=\"http:\/\/www.radioluna.it\/news\/wp-content\/uploads\/2013\/07\/via-romagnoli-lavori.jpg\"><img loading=\"lazy\" decoding=\"async\" class=\"alignleft size-medium wp-image-139408\" alt=\"via romagnoli lavori\" src=\"http:\/\/www.radioluna.it\/news\/wp-content\/uploads\/2013\/07\/via-romagnoli-lavori-300x225.jpg\" width=\"300\" height=\"225\" \/><\/a>LATINA &#8211;<\/strong> Sono iniziati i lavori per la riqualificazione della zona in prossimit\u00e0 di via Romagnoli, all\u2019entrata della citt\u00e0, nello spazio antistante le autolinee.\u00a0L\u2019investimento, reso possibile dalla Prelios SGR, proprietaria insieme al Comune della parte di terreno interessata dalla riqualificazione, e finanziatrice dei lavori, dar\u00e0 luogo a un\u2019area verde attrezzata per la riqualificazione della zona.<\/p>\n<p style=\"text-align: justify;\">L\u2019intervento ha come obiettivo la realizzazione di nuove viabilit\u00e0 veicolari e pedonali necessarie alla fruizione dell\u2019intera zona, la creazione di aree di verde pubblico, di parcheggi pubblici e privati e la sistemazione della pubblica illuminazione.<br \/>\nIn particolare, verr\u00e0 identificata un&#8217;area pedonale di transito, sosta, riposo e verde pubblico dotata di fontana, panchine e dove saranno sostituiti gli alberi esistenti, malati e pericolanti, lasciando per\u00f2 un esemplare storico, il pi\u00f9 grande, che sar\u00e0 regolarizzato e curato.<br \/>\nLo studio dell\u2019intervento \u00e8 stato effettuato prestando particolare attenzione alle persone anziane e ai portatori di handicap, tramite l\u2019eliminazione di barriere architettoniche e la realizzazione di un esclusivo collegamento pedonale dedicato ai non vedenti.<br \/>\n\u00abQuesti interventi \u2013 ha affermato l\u2019Assessore Giuseppe Di Rubbo \u2013 andranno a riqualificazione un\u2019area ampia all\u2019ingresso della citt\u00e0, da anni trascurata, realizzata a costo zero per l\u2019Amministrazione comunale grazie all\u2019accordo con il privato. Verr\u00e0 quindi messa a disposizione della citt\u00e0 un\u2019area, dapprima degradata, che sar\u00e0 invece messa a nuovo e resa fruibile, con una attenzione particolare al verde e all\u2019ambiente\u00bb.<\/p>\n<div class=\"radio-posizionamento-telefono-in-articoli-dopo-il-contenuto-articolo radio-entity-placement\" id=\"radio-1349606953\"><div id=\"radio-59815320\" style=\"width: 300px;height: 250px;\"><a href=\"https:\/\/www.icarspa.it\/auto\/usate\/latina\/\" aria-label=\"banner aprile icar new life &#8211; auto usate latina\"><img loading=\"lazy\" decoding=\"async\" src=\"https:\/\/www.radioluna.it\/news\/wp-content\/uploads\/2026\/02\/banner-aprile-icar-new-life-auto-usate-latina.gif\" alt=\"\"  width=\"300\" height=\"250\"   \/><\/a><\/div><\/div>","protected":false},"excerpt":{"rendered":"<p>LATINA &#8211; Sono iniziati i lavori per la riqualificazione della zona in prossimit\u00e0 di via Romagnoli, all\u2019entrata della citt\u00e0, nello spazio antistante le autolinee.\u00a0L\u2019investimento, reso possibile dalla Prelios SGR, proprietaria insieme al Comune della parte di terreno interessata dalla riqualificazione, e finanziatrice dei lavori, dar\u00e0 luogo a un\u2019area verde attrezzata per la riqualificazione della zona. [&hellip;]<\/p>\n","protected":false},"author":60,"featured_media":0,"comment_status":"open","ping_status":"closed","sticky":false,"template":"","format":"standard","meta":{"footnotes":""},"categories":[11],"tags":[],"class_list":["post-139407","post","type-post","status-publish","format-standard","hentry","category-economia"],"_links":{"self":[{"href":"https:\/\/www.radioluna.it\/news\/wp-json\/wp\/v2\/posts\/139407","targetHints":{"allow":["GET"]}}],"collection":[{"href":"https:\/\/www.radioluna.it\/news\/wp-json\/wp\/v2\/posts"}],"about":[{"href":"https:\/\/www.radioluna.it\/news\/wp-json\/wp\/v2\/types\/post"}],"author":[{"embeddable":true,"href":"https:\/\/www.radioluna.it\/news\/wp-json\/wp\/v2\/users\/60"}],"replies":[{"embeddable":true,"href":"https:\/\/www.radioluna.it\/news\/wp-json\/wp\/v2\/comments?post=139407"}],"version-history":[{"count":0,"href":"https:\/\/www.radioluna.it\/news\/wp-json\/wp\/v2\/posts\/139407\/revisions"}],"wp:attachment":[{"href":"https:\/\/www.radioluna.it\/news\/wp-json\/wp\/v2\/media?parent=139407"}],"wp:term":[{"taxonomy":"category","embeddable":true,"href":"https:\/\/www.radioluna.it\/news\/wp-json\/wp\/v2\/categories?post=139407"},{"taxonomy":"post_tag","embeddable":true,"href":"https:\/\/www.radioluna.it\/news\/wp-json\/wp\/v2\/tags?post=139407"}],"curies":[{"name":"wp","href":"https:\/\/api.w.org\/{rel}","templated":true}]}}