{"id":139489,"date":"2013-08-02T16:30:13","date_gmt":"2013-08-02T14:30:13","guid":{"rendered":"http:\/\/www.radioluna.it\/news\/?p=139489"},"modified":"2013-08-02T16:30:13","modified_gmt":"2013-08-02T14:30:13","slug":"porta-nord-a-settembre-partono-i-lavori-per-il-ponte-a-pantanaccio","status":"publish","type":"post","link":"https:\/\/www.radioluna.it\/news\/2013\/08\/porta-nord-a-settembre-partono-i-lavori-per-il-ponte-a-pantanaccio\/","title":{"rendered":"PORTA NORD<BR> A settembre partono i lavori per il ponte a Pantanaccio"},"content":{"rendered":"<div id=\"fb-root\"><\/div>\n<div id=\"attachment_123036\" style=\"width: 226px\" class=\"wp-caption alignleft\"><a href=\"http:\/\/www.radioluna.it\/news\/wp-content\/uploads\/2012\/07\/RENDERING.jpg\"><img loading=\"lazy\" decoding=\"async\" aria-describedby=\"caption-attachment-123036\" class=\"size-medium wp-image-123036\" alt=\"Il progetto sul quartiere Pantanaccio\" src=\"http:\/\/www.radioluna.it\/news\/wp-content\/uploads\/2012\/07\/RENDERING-216x300.jpg\" width=\"216\" height=\"300\" srcset=\"https:\/\/www.radioluna.it\/news\/wp-content\/uploads\/2012\/07\/RENDERING-216x300.jpg 216w, https:\/\/www.radioluna.it\/news\/wp-content\/uploads\/2012\/07\/RENDERING-217x300.jpg 217w, https:\/\/www.radioluna.it\/news\/wp-content\/uploads\/2012\/07\/RENDERING-768x1063.jpg 768w, https:\/\/www.radioluna.it\/news\/wp-content\/uploads\/2012\/07\/RENDERING-740x1024.jpg 740w, https:\/\/www.radioluna.it\/news\/wp-content\/uploads\/2012\/07\/RENDERING-500x692.jpg 500w, https:\/\/www.radioluna.it\/news\/wp-content\/uploads\/2012\/07\/RENDERING-800x1106.jpg 800w, https:\/\/www.radioluna.it\/news\/wp-content\/uploads\/2012\/07\/RENDERING.jpg 1000w\" sizes=\"auto, (max-width: 216px) 100vw, 216px\" \/><\/a><p id=\"caption-attachment-123036\" class=\"wp-caption-text\">Il progetto sul quartiere Pantanaccio<\/p><\/div>\n<p style=\"text-align: justify;\"><strong>LATINA &#8211;<\/strong> Sono stati appaltati i lavori per la realizzazione di un\u2019altra importante opera: si tratta del ponte stradale che collegher\u00e0 via Pantanaccio con via dei Volsci. I lavori inizieranno il prossimo mese di settembre e prevedono un importo totale di circa 1,2 milioni di euro.<\/p>\n<p style=\"text-align: justify;\">L\u2019opera rientra nel quadro pi\u00f9 ampio degli interventi programmati dall\u2019amministrazione per la riqualificazione dell\u2019intera zona e si affianca alle altre opere previste nel cosiddetto programma \u201cPorta Nord\u201d.<\/p>\n<p style=\"text-align: justify;\">Nel dettaglio, il ponte da realizzare sar\u00e0 destinato alla circolazione stradale, collegher\u00e0, appunto, via dei Volsci con via Pantanaccio all\u2019altezza dell\u2019attuale campo di calcio, passando sopra il Canale delle Acque Medie.<\/p>\n<p style=\"text-align: justify;\">\u201cSi tratta di un\u2019opera molto importante che consentir\u00e0 non solo di far compiere un salto di qualit\u00e0 agli interventi di riqualificazione della zona ma di modificare radicalmente il quadro della viabilit\u00e0 di una vasta area, migliorando la qualit\u00e0 dei servizi di centinaia di residenti che non saranno pi\u00f9 \u201cprigionieri\u201d dell\u2019imbuto di via Pantanaccio \u2013 afferma l\u2019assessore all\u2019attuazione urbanistica Giuseppe Di Rubbo \u2013 Ricordo che alla realizzazione del nuovo ponte si affiancano altre opere, alcune delle quali gi\u00e0 in corso di esecuzione, che rientrano nel Programma Integrato di Intervento denominato \u201cPorta Nord\u201d e comprendono:<\/p>\n<p>&#8211; un fabbricato di Edilizia Residenziale Pubblica sovvenzionata per n.24 alloggi;<\/p>\n<p>&#8211; opere di urbanizzazione primaria costituite da due strade urbane di quartiere (zona Kurly Kate e zona via Selene) a completamento dell\u2019attuale rete stradale;<\/p>\n<p>&#8211; un ponte in legno lamellare di attraversamento del Canale delle Acque Medie con struttura ad arco e luce di ml 40,00, che permetter\u00e0 il diretto collegamento ciclo-pedonale tra il quartiere Pantanaccio e la zona di via Ezio.<\/p>\n<p>\u201cIl ponte stradale che si andr\u00e0 a realizzare \u2013 afferma il sindaco Giovanni Di Giorgi \u2013 rappresenta un\u2019opera davvero importante che era attesa addirittura da decenni dai residenti della zona e non solo. Si tratta di un intervento strategico destinato a migliorare la qualit\u00e0 della vita di tutta la zona est della citt\u00e0. Finalmente il quartiere Pantanaccio sar\u00e0 riallacciato alla citt\u00e0 colmando una cesura che da decenni ha visto penalizzati i residenti. L\u2019intervento rientra in un pi\u00f9 ampio programma di riqualificazione della zona, con la realizzazione di opere urbanistiche con finalit\u00e0 di servizi e verde pubblico. Come \u00e8 nella metodologia di questa amministrazione, nei mesi scorsi abbiamo presentato ai cittadini, nel corso di una riunione pubblica, le opere che stiamo realizzando nel quartiere Pantanaccio per accogliere eventuali istanze dei residenti e per presentare il programma dei lavori e i cambiamenti a cui andr\u00e0 incontro il quartiere. Ora questi interventi passano alla fase esecutiva<\/p>\n<p>&nbsp;<\/p>\n<div class=\"radio-posizionamento-telefono-in-articoli-dopo-il-contenuto-articolo radio-entity-placement\" id=\"radio-2975116853\"><div id=\"radio-2348662321\"><a href=\"https:\/\/www.simeoneceramiche.com\/\" aria-label=\"SIMEONE CERAMICHE GIF animata per radioluna_Tavola disegno 1 copia 2 (online-video-cutter.com)\"><img loading=\"lazy\" decoding=\"async\" src=\"https:\/\/www.radioluna.it\/news\/wp-content\/uploads\/2025\/05\/SIMEONE-CERAMICHE-GIF-animata-per-radioluna_Tavola-disegno-1-copia-2-online-video-cutter.com_.gif\" alt=\"\"  width=\"300\" height=\"250\"   \/><\/a><\/div><\/div>","protected":false},"excerpt":{"rendered":"<p>LATINA &#8211; Sono stati appaltati i lavori per la realizzazione di un\u2019altra importante opera: si tratta del ponte stradale che collegher\u00e0 via Pantanaccio con via dei Volsci. I lavori inizieranno il prossimo mese di settembre e prevedono un importo totale di circa 1,2 milioni di euro. L\u2019opera rientra nel quadro pi\u00f9 ampio degli interventi programmati [&hellip;]<\/p>\n","protected":false},"author":60,"featured_media":123036,"comment_status":"open","ping_status":"closed","sticky":false,"template":"","format":"standard","meta":{"footnotes":""},"categories":[8],"tags":[],"class_list":["post-139489","post","type-post","status-publish","format-standard","has-post-thumbnail","hentry","category-politica"],"_links":{"self":[{"href":"https:\/\/www.radioluna.it\/news\/wp-json\/wp\/v2\/posts\/139489","targetHints":{"allow":["GET"]}}],"collection":[{"href":"https:\/\/www.radioluna.it\/news\/wp-json\/wp\/v2\/posts"}],"about":[{"href":"https:\/\/www.radioluna.it\/news\/wp-json\/wp\/v2\/types\/post"}],"author":[{"embeddable":true,"href":"https:\/\/www.radioluna.it\/news\/wp-json\/wp\/v2\/users\/60"}],"replies":[{"embeddable":true,"href":"https:\/\/www.radioluna.it\/news\/wp-json\/wp\/v2\/comments?post=139489"}],"version-history":[{"count":0,"href":"https:\/\/www.radioluna.it\/news\/wp-json\/wp\/v2\/posts\/139489\/revisions"}],"wp:featuredmedia":[{"embeddable":true,"href":"https:\/\/www.radioluna.it\/news\/wp-json\/wp\/v2\/media\/123036"}],"wp:attachment":[{"href":"https:\/\/www.radioluna.it\/news\/wp-json\/wp\/v2\/media?parent=139489"}],"wp:term":[{"taxonomy":"category","embeddable":true,"href":"https:\/\/www.radioluna.it\/news\/wp-json\/wp\/v2\/categories?post=139489"},{"taxonomy":"post_tag","embeddable":true,"href":"https:\/\/www.radioluna.it\/news\/wp-json\/wp\/v2\/tags?post=139489"}],"curies":[{"name":"wp","href":"https:\/\/api.w.org\/{rel}","templated":true}]}}