{"id":139547,"date":"2013-08-04T10:07:15","date_gmt":"2013-08-04T08:07:15","guid":{"rendered":"http:\/\/www.radioluna.it\/news\/?p=139547"},"modified":"2013-08-05T10:15:25","modified_gmt":"2013-08-05T08:15:25","slug":"omicidio-vaccaro-la-mamma-di-matteo-scrive-prevedibile-levasione-di-peruzzi-ora-attenti-a-dantonio","status":"publish","type":"post","link":"https:\/\/www.radioluna.it\/news\/2013\/08\/omicidio-vaccaro-la-mamma-di-matteo-scrive-prevedibile-levasione-di-peruzzi-ora-attenti-a-dantonio\/","title":{"rendered":"OMICIDIO VACCARO, LA MAMMA DI MATTEO SCRIVE<BR> &#8220;Prevedibile l&#8217;evasione di Peruzzi, ora attenti a D&#8217;Antonio&#8221;"},"content":{"rendered":"<div id=\"fb-root\"><\/div>\n<div id=\"attachment_80034\" style=\"width: 224px\" class=\"wp-caption alignleft\"><a href=\"http:\/\/www.radioluna.it\/news\/wp-content\/uploads\/2011\/02\/peruzzi-paolo.jpg\"><img loading=\"lazy\" decoding=\"async\" aria-describedby=\"caption-attachment-80034\" class=\"size-medium wp-image-80034\" alt=\"Paolo Peruzzi\" src=\"http:\/\/www.radioluna.it\/news\/wp-content\/uploads\/2011\/02\/peruzzi-paolo-214x300.jpg\" width=\"214\" height=\"300\" srcset=\"https:\/\/www.radioluna.it\/news\/wp-content\/uploads\/2011\/02\/peruzzi-paolo-214x300.jpg 214w, https:\/\/www.radioluna.it\/news\/wp-content\/uploads\/2011\/02\/peruzzi-paolo-731x1024.jpg 731w, https:\/\/www.radioluna.it\/news\/wp-content\/uploads\/2011\/02\/peruzzi-paolo-768x1075.jpg 768w, https:\/\/www.radioluna.it\/news\/wp-content\/uploads\/2011\/02\/peruzzi-paolo-500x700.jpg 500w, https:\/\/www.radioluna.it\/news\/wp-content\/uploads\/2011\/02\/peruzzi-paolo.jpg 1000w\" sizes=\"auto, (max-width: 214px) 100vw, 214px\" \/><\/a><p id=\"caption-attachment-80034\" class=\"wp-caption-text\">Paolo Peruzzi<\/p><\/div>\n<p>LATINA &#8211; La Procura ha chiuso le porte della stalla quando il bestiame \u00e8 scappato ?<\/p>\n<p>Un classico!<\/p>\n<p>Ho sempre paventato quest\u2019eventualit\u00e0 rivolgendomi pi\u00f9 volte agli Organi competenti sia a voce che per iscritto: invano!<\/p>\n<p>Ora mi chiedo perch\u00e9, io, persona normale e pensante, mi sono posta questa domanda e gli Organi competenti no ?<\/p>\n<p>Non sar\u00e0 forse il caso che, con urgenza, il sig. Francesco D\u2019Antonio venga messo in sicurezza in una struttura carceraria vera, visto che si \u00e8 liberato dalla depressione che lo attanagliava e che si presenta, oggi, a noi, in ottima forma fisica, ben nutrito e con le sopracciglia ben curate. Chi \u00e8 depresso queste cose non le fa : la depressione vera \u00e8 un\u2019altra storia, \u00e8 cosa seria.<\/p>\n<p>Quindi, sarebbe giusto e salutare per la societ\u00e0 che D\u2019Antonio torni al regime carcerario che gli spetta e che si \u00e8 guadagnato con tanta gloria e 24 anni di detenzione.<\/p>\n<p>Questa si chiama giustizia!<\/p>\n<p>Speriamo quindi, che le evasioni non diventino due!!!!!!!!!!!!!!<\/p>\n<p>Ma torniamo a Peruzzi.<\/p>\n<p>Paolo Peruzzi \u00e8 evaso, e ne ha avuto di tempo per organizzare minuziosamente questa evasione !<\/p>\n<p>Nella lettera lasciata alla famiglia, come riportato dalla stampa, scrive di voler andare in un luogo dove i problemi si risolvono. Si allontana da casa a piedi, senza soldi, senza telefonino.<\/p>\n<p>Io , in genere, bevo acqua, non fandonie!.<\/p>\n<p>\u201c Mi uccido \u201c, titola la stampa : questo ha scritto. Commediante !<\/p>\n<p>Eventualmente, di tempo ne ha avuto, perlomeno lo stesso che, con i suoi compagni d\u2019avventura, non ha lasciato a mio figlio Matteo e, per quel delitto insano ed inutile, si \u00e8 guadagnato i 16 anni di condanna, di cui quasi 2 trascorsi a casa, tra le braccia \u201camorevoli dei suoi familiari, lui cos\u00ec fragile da non poter essere in grado di sopportare il regime carcerario\u201d.<\/p>\n<p>Mentre Noi s\u00ec che possiamo e dobbiamo ineluttabilmente provare, senza riuscirci e senza sconti, a vivere senza il nostro Matteo.<\/p>\n<p>Ed Alberto, come ha vissuto, vive e vivr\u00e0 per tutti gli anni della sua vita con quella costante visione negli occhi, nella mente e nel cuore ??? Quasi a sentirsi in colpa di essere ancora qui con noi !<\/p>\n<p>E Giorgia che soffre in maniera inimmaginabile per la morte del fratello e le sue notti angoscianti, rabbiose, senza poter far niente.<\/p>\n<p>Quando tutto questo abbrutimento e questo stato fortemente devastante finir\u00e0?&#8230;&#8230;&#8230;&#8230;Penso mai !<\/p>\n<p>Ma spero, con tutto il cuore di madre, che accada magicamente il contrario.<\/p>\n<p>Lei che amava ed ama i suoi fratelli pi\u00f9 di s\u00e9 stessa : i tre fratelli Vaccaro, conosciutissimi, che, quando stavano insieme erano in grado di dare un senso e l\u2019esempio ai loro coetanei i quali non mancavano mai di ammirarli per quanto la loro positivit\u00e0 fosse cos\u00ec palpabile e coinvolgente.<\/p>\n<p>Purtroppo tutto questo non avverr\u00e0 mai pi\u00f9 allo stesso modo.<\/p>\n<p>Ma torniamo sull\u2019incompatibilit\u00e0 di Paolo Peruzzi con il regime carcerario. Quella mente criminale non aveva tenuto conto, prima di compiere un atto cos\u00ec vile, di ci\u00f2 che gli sarebbe capitato? Oppure pensava, e questa volta pensava bene, che Io, che Noi, che tutta la famiglia Vaccaro avrebbe preso il suo posto, cosa che \u00e8 accaduta, perch\u00e9 Noi vivremo sempre nel dolore e nella mutilazione che lui ed i suoi degni compari hanno voluto regalarci.<\/p>\n<p>Perch\u00e9, Perch\u00e9? Questo vorrei chieder loro guardandoli fissi negli occhi, ma tutti, compresi quei genitori che, evidentemente, non si sono arresi neanche di fronte all\u2019evidenza dei fatti.<\/p>\n<p>Quei genitori che permettono al figlio di evadere per non assumersi la responsabilit\u00e0 di un gesto cos\u00ec esecrabile; che non hanno mai sentito il bisogno di chiedere scusa alla nostra famiglia per il gesto inutilmente ed immotivatamente criminale commesso dal loro figlio.<\/p>\n<p>Responsabilit\u00e0, termine che non sembra far parte del loro essere, almeno stando al loro comportamento in Aula.<\/p>\n<p>Un episodio, in particolare mi torna alla mente: il giorno della requisitoria finale del P.M., dott.ssa Daria Monsurr\u00f2, con relativa richiesta delle pene, mentre ad udienza terminata lo stesso P.M. stava salutando mio marito nell\u2019aula della Corte d\u2019Assise ed alla presenza dei nostri difensori e di svariate altre persone, Peruzzi senior, peraltro gi\u00e0 uscito precedentemente dall\u2019aula, vi faceva rientro e, con atteggiamento di sfott\u00f2, si avvicinava ai presenti e, rivolto a mio marito ed al P.M. , affermava \u201c Allora questa sera andrete a cena insieme!\u201d.<\/p>\n<p>Questa frase, questo atteggiamento, la dice lunga!<\/p>\n<p>Vergogna, vergogna, vergogna.<\/p>\n<p>Tuo figlio ha ammazzato mio figlio come un cane: come pu\u00f2 una persona, un genitore comportarsi cos\u00ec invece di sprofondare al centro della terra per la vergogna e non ricomparire mai pi\u00f9 ?&#8230;&#8230;&#8230;&#8230;&#8230;&#8230;&#8230;&#8230;&#8230;&#8230;&#8230;&#8230;&#8230;&#8230;&#8230;&#8230;&#8230;&#8230;<\/p>\n<p>Come pu\u00f2 sua figlia, dinanzi ad una Corte d\u2019Assise, comportarsi istericamente ed appellando il P.M. con termini irripetibili.<\/p>\n<p>\u201cDulcis in fundo \u201c : il venticinquenne Paolo Peruzzi, assassino, non ha avuto il coraggio di chiedere scusa ai Vaccaro \u2013 cos\u00ec scrive nella sua lettera di commiato dalla famiglia -.<\/p>\n<p>Scusa? Dove ha imparato questo termine? Sono tante le persone cui dovrebbe chiedere scusa.<\/p>\n<p>Ma quale scusa, non c\u2019\u00e8 scusa che noi potremmo accettare e, per quanto mi riguarda, forse, ci penserei quando e solo se dovessi vedere sul suo volto un vero pentimento; ma ci penserei molto, molto a lungo anche in questo caso. Prenda il suo coraggio e si costituisca, sconti la sua pena, per quanto lieve, in una struttura carceraria vera e poi, forse ne riparleremo.<\/p>\n<p>Fino ad allora, le scuse le dobbiamo, noi tutti, solo a Matteo, per non essere stati in grado di impedire a Paolo Peruzzi, suo assassino, di evitare di scontare la sua pena.<\/p>\n<p>Almeno fino ad oggi!.<\/p>\n<p>Ringraziamo il nostro Matteo per averci dato l\u2019onore e l\u2019orgoglio di essere esistito.<\/p>\n<p>Lo ringraziamo di esistere.<\/p>\n<p>&nbsp;<\/p>\n<p>Maria Pia Taloni Vaccaro<\/p>\n<p>&nbsp;<\/p>\n<p>&nbsp;<\/p>\n","protected":false},"excerpt":{"rendered":"<p>LATINA &#8211; La Procura ha chiuso le porte della stalla quando il bestiame \u00e8 scappato ? Un classico! Ho sempre paventato quest\u2019eventualit\u00e0 rivolgendomi pi\u00f9 volte agli Organi competenti sia a voce che per iscritto: invano! Ora mi chiedo perch\u00e9, io, persona normale e pensante, mi sono posta questa domanda e gli Organi competenti no ? [&hellip;]<\/p>\n","protected":false},"author":62,"featured_media":80034,"comment_status":"open","ping_status":"closed","sticky":false,"template":"","format":"standard","meta":{"footnotes":""},"categories":[7],"tags":[],"class_list":["post-139547","post","type-post","status-publish","format-standard","has-post-thumbnail","hentry","category-cronaca"],"_links":{"self":[{"href":"https:\/\/www.radioluna.it\/news\/wp-json\/wp\/v2\/posts\/139547","targetHints":{"allow":["GET"]}}],"collection":[{"href":"https:\/\/www.radioluna.it\/news\/wp-json\/wp\/v2\/posts"}],"about":[{"href":"https:\/\/www.radioluna.it\/news\/wp-json\/wp\/v2\/types\/post"}],"author":[{"embeddable":true,"href":"https:\/\/www.radioluna.it\/news\/wp-json\/wp\/v2\/users\/62"}],"replies":[{"embeddable":true,"href":"https:\/\/www.radioluna.it\/news\/wp-json\/wp\/v2\/comments?post=139547"}],"version-history":[{"count":0,"href":"https:\/\/www.radioluna.it\/news\/wp-json\/wp\/v2\/posts\/139547\/revisions"}],"wp:featuredmedia":[{"embeddable":true,"href":"https:\/\/www.radioluna.it\/news\/wp-json\/wp\/v2\/media\/80034"}],"wp:attachment":[{"href":"https:\/\/www.radioluna.it\/news\/wp-json\/wp\/v2\/media?parent=139547"}],"wp:term":[{"taxonomy":"category","embeddable":true,"href":"https:\/\/www.radioluna.it\/news\/wp-json\/wp\/v2\/categories?post=139547"},{"taxonomy":"post_tag","embeddable":true,"href":"https:\/\/www.radioluna.it\/news\/wp-json\/wp\/v2\/tags?post=139547"}],"curies":[{"name":"wp","href":"https:\/\/api.w.org\/{rel}","templated":true}]}}