{"id":139663,"date":"2013-08-07T12:26:35","date_gmt":"2013-08-07T10:26:35","guid":{"rendered":"http:\/\/www.radioluna.it\/news\/?p=139663"},"modified":"2013-08-07T14:01:47","modified_gmt":"2013-08-07T12:01:47","slug":"nuovo-pronto-soccorso-al-goretti-inaugurazione-con-zingaretti","status":"publish","type":"post","link":"https:\/\/www.radioluna.it\/news\/2013\/08\/nuovo-pronto-soccorso-al-goretti-inaugurazione-con-zingaretti\/","title":{"rendered":"NUOVO PRONTO SOCCORSO AL GORETTI<BR> Forfait di Zingaretti, inaugurazione rinviata"},"content":{"rendered":"<div id=\"fb-root\"><\/div>\n<div id=\"attachment_107292\" style=\"width: 310px\" class=\"wp-caption alignleft\"><a href=\"http:\/\/www.radioluna.it\/news\/wp-content\/uploads\/2011\/07\/Mellacina1.jpg\"><img loading=\"lazy\" decoding=\"async\" aria-describedby=\"caption-attachment-107292\" class=\"size-medium wp-image-107292\" alt=\"Il dirigente del Pronto Soccorso, Mario Mellacina\" src=\"http:\/\/www.radioluna.it\/news\/wp-content\/uploads\/2011\/07\/Mellacina1-300x225.jpg\" width=\"300\" height=\"225\" srcset=\"https:\/\/www.radioluna.it\/news\/wp-content\/uploads\/2011\/07\/Mellacina1-300x225.jpg 300w, https:\/\/www.radioluna.it\/news\/wp-content\/uploads\/2011\/07\/Mellacina1-500x375.jpg 500w, https:\/\/www.radioluna.it\/news\/wp-content\/uploads\/2011\/07\/Mellacina1.jpg 640w\" sizes=\"auto, (max-width: 300px) 100vw, 300px\" \/><\/a><p id=\"caption-attachment-107292\" class=\"wp-caption-text\">Il dirigente del Pronto Soccorso, Mario Mellacina<\/p><\/div>\n<p style=\"text-align: justify;\">LATINA &#8211; Il forfait del presidente della Regione Lazio, Nicola Zingaretti fa slittare l&#8217;inaugurazione del nuovo pronto soccorso dell\u2019ospedale \u00a0Santa Maria Goretti di Latina. Il Governatore \u00e8 stato convocato dal Presidente del Consiglio per l&#8217;emergenza rifiuti a Roma dopo le proteste di oggi contro la nuova discarica sull&#8217;Ardeatina.<\/p>\n<p style=\"text-align: justify;\">Il taglio del nastro della struttura diretta da Mario Mellacina, e in rodaggio da qualche giorno, era in programma nel pomeriggio di oggi, alla presenza del manager della Asl Renato Sponzilli.<\/p>\n<p style=\"text-align: justify;\">Molte le novit\u00e0 e le potenzialit\u00e0 della nuova struttura che \u00e8 stata dotata (finalmente) di spazi proporzionati al carico di lavoro di quello che \u00e8 di fatto il terzo pronto soccorso del Lazio per numero di accessi (ieri in attesa c\u2019erano 87 persone).<\/p>\n<p style=\"text-align: justify;\">Ora, dopo aver risolto il problema degli spazi, resta quello dell\u2019organico di cui \u00e8 stato chiesto il potenziamento.<\/p>\n","protected":false},"excerpt":{"rendered":"<p>LATINA &#8211; Il forfait del presidente della Regione Lazio, Nicola Zingaretti fa slittare l&#8217;inaugurazione del nuovo pronto soccorso dell\u2019ospedale \u00a0Santa Maria Goretti di Latina. Il Governatore \u00e8 stato convocato dal Presidente del Consiglio per l&#8217;emergenza rifiuti a Roma dopo le proteste di oggi contro la nuova discarica sull&#8217;Ardeatina. Il taglio del nastro della struttura diretta [&hellip;]<\/p>\n","protected":false},"author":62,"featured_media":107292,"comment_status":"open","ping_status":"closed","sticky":false,"template":"","format":"standard","meta":{"footnotes":""},"categories":[7],"tags":[],"class_list":["post-139663","post","type-post","status-publish","format-standard","has-post-thumbnail","hentry","category-cronaca"],"_links":{"self":[{"href":"https:\/\/www.radioluna.it\/news\/wp-json\/wp\/v2\/posts\/139663","targetHints":{"allow":["GET"]}}],"collection":[{"href":"https:\/\/www.radioluna.it\/news\/wp-json\/wp\/v2\/posts"}],"about":[{"href":"https:\/\/www.radioluna.it\/news\/wp-json\/wp\/v2\/types\/post"}],"author":[{"embeddable":true,"href":"https:\/\/www.radioluna.it\/news\/wp-json\/wp\/v2\/users\/62"}],"replies":[{"embeddable":true,"href":"https:\/\/www.radioluna.it\/news\/wp-json\/wp\/v2\/comments?post=139663"}],"version-history":[{"count":0,"href":"https:\/\/www.radioluna.it\/news\/wp-json\/wp\/v2\/posts\/139663\/revisions"}],"wp:featuredmedia":[{"embeddable":true,"href":"https:\/\/www.radioluna.it\/news\/wp-json\/wp\/v2\/media\/107292"}],"wp:attachment":[{"href":"https:\/\/www.radioluna.it\/news\/wp-json\/wp\/v2\/media?parent=139663"}],"wp:term":[{"taxonomy":"category","embeddable":true,"href":"https:\/\/www.radioluna.it\/news\/wp-json\/wp\/v2\/categories?post=139663"},{"taxonomy":"post_tag","embeddable":true,"href":"https:\/\/www.radioluna.it\/news\/wp-json\/wp\/v2\/tags?post=139663"}],"curies":[{"name":"wp","href":"https:\/\/api.w.org\/{rel}","templated":true}]}}