{"id":139707,"date":"2013-08-08T09:29:59","date_gmt":"2013-08-08T07:29:59","guid":{"rendered":"http:\/\/www.radioluna.it\/news\/?p=139707"},"modified":"2013-08-08T09:29:59","modified_gmt":"2013-08-08T07:29:59","slug":"nuovo-arrivo-al-gaeta-calcio-e-il-centrale-difensivo-francesco-de-rosa","status":"publish","type":"post","link":"https:\/\/www.radioluna.it\/news\/2013\/08\/nuovo-arrivo-al-gaeta-calcio-e-il-centrale-difensivo-francesco-de-rosa\/","title":{"rendered":"NUOVO ARRIVO AL GAETA CALCIO<br> E&#8217; il centrale difensivo Francesco de Rosa"},"content":{"rendered":"<div id=\"fb-root\"><\/div>\n<div id=\"attachment_139708\" style=\"width: 214px\" class=\"wp-caption alignleft\"><a href=\"http:\/\/www.radioluna.it\/news\/wp-content\/uploads\/2013\/08\/FRANCESCO-DE-ROSA.jpg\"><img loading=\"lazy\" decoding=\"async\" aria-describedby=\"caption-attachment-139708\" class=\"size-medium wp-image-139708\" alt=\"FRANCESCO DE ROSA\" src=\"http:\/\/www.radioluna.it\/news\/wp-content\/uploads\/2013\/08\/FRANCESCO-DE-ROSA-204x300.jpg\" width=\"204\" height=\"300\" srcset=\"https:\/\/www.radioluna.it\/news\/wp-content\/uploads\/2013\/08\/FRANCESCO-DE-ROSA-204x300.jpg 204w, https:\/\/www.radioluna.it\/news\/wp-content\/uploads\/2013\/08\/FRANCESCO-DE-ROSA.jpg 425w\" sizes=\"auto, (max-width: 204px) 100vw, 204px\" \/><\/a><p id=\"caption-attachment-139708\" class=\"wp-caption-text\">FRANCESCO DE ROSA<\/p><\/div>\n<p style=\"text-align: justify;\">GAETA &#8211;\u00a0La Polisportiva Gaeta comunica che \u00a0\u00e8 stato raggiunto l&#8217;accordo per la firma del difensore centrale Francesco De Rosa, classe &#8217;83 ex Fermana. Il neo biancorosso ha militato per diversi anni nella D calabrese ed in altre squadre del meridione come Nola, Favara e Baronissi. Quindi \u00e8 stato ingaggiato dalla Copparese, Eccellenza romagnola, per poi passare al Loano San Francesco, in Eccellenza ligure e successivamente alla Correggese, Eccellenza emiliana. Lo scorso anno ha militato nella Fermana, Eccellenza marchigiana. Con quest\u2019ultima casacca De Rosa ha conquistato la finale di Coppa Italia battendo in finale il Cerignola e conquistando cos\u00ec la promozione in D). Il difensore campano era un altro tassello importante richiesto alla societ\u00e0 da mister Melchionna per completare il reparto. Ora a disposizione dell\u2019allenatore vi sono tre centrali difensivi di livello, ovvero Migliozzi, Seppani e lo stesso De Rosa, oltre agli under. La dirigenza gaetana esprime soddisfazione per la conclusione della trattativa che va a potenziare ulteriormente un organico ben assortito e di qualit\u00e0.<\/p>\n<p style=\"text-align: justify;\"><i>I<\/i>ntanto mercoled\u00ec a Sperlonga un altro test amichevole in famiglia (squadra A-squadra B) dopo quello di domenica scorsa a Lenola. Se vogliamo anche una prova generale in vista del Trofeo dell\u2019Amicizia che si svolger\u00e0 sabato sera, ovvero l\u2019impegnativa sfida con l\u2019Ischia. A dieci giorni dall\u2019inizio del ritiro, la preparazione procede bene, secondo la tabella di marcia fissata da mister Melchionna &#8211; assicurano in una nota dalla societ\u00e0 &#8211; \u00a0Al momento si sono dovuti fermare Ramora ed il giovane Armenio. Il primo torner\u00e0 ad unirsi al gruppo tra qualche giorno. Una contrattura ha determinato invece lo stop di Armenio (tra l\u2019altro reduce da un periodo di circa sei mesi di inattivit\u00e0 dopo l\u2019infortunio al braccio nel corso di una gara di campionato). Il centrocampista era apparso uno dei pi\u00f9 in forma a Campodimele. In ogni caso il riposo forzato per lui non sar\u00e0 lungo. Stamane mercoled\u00ec si \u00e8 aggregato al gruppo Gaetano Zingrillo, calciatore confermato e vero e proprio jolly, a cui la societ\u00e0 aveva concesso qualche giorno di permesso. Da luned\u00ec si stanno allenando con i biancorossi anche gli under Brusciano e Pelga, oltre ad Antonino Putort\u00ec esterno di centrocampo classe \u201993, lo scorso anno in forza al Sambiase (serie D). Continua la \u201ccaccia\u201d a quello che dovrebbe essere il nuovo centravanti. Al momento a Melchionna \u00e8 stata sottoposta una rosa di almeno quattro attaccanti, tutti di qualit\u00e0 e di spessore. Si sta valutando il tutto con calma, senza fretta, dal momento che manca pi\u00f9 di un mese ai primi impegni ufficiali. E considerato anche che il bomber prescelto dovr\u00e0 poi andare ad inserirsi bene tatticamente nell\u2019undici pensato dall\u2019allenatore.<\/p>\n<p style=\"text-align: justify;\">\n<p>&nbsp;<\/p>\n<div class=\"radio-posizionamento-telefono-in-articoli-dopo-il-contenuto-articolo radio-entity-placement\" id=\"radio-2908703706\"><div id=\"radio-1767177699\"><a href=\"https:\/\/grupporedi.it\/\" aria-label=\"Redi-Qr\"><img loading=\"lazy\" decoding=\"async\" src=\"https:\/\/www.radioluna.it\/news\/wp-content\/uploads\/2026\/03\/Redi-Qr.jpg\" alt=\"\"  srcset=\"https:\/\/www.radioluna.it\/news\/wp-content\/uploads\/2026\/03\/Redi-Qr.jpg 800w, https:\/\/www.radioluna.it\/news\/wp-content\/uploads\/2026\/03\/Redi-Qr-768x639.jpg 768w\" sizes=\"(max-width: 800px) 100vw, 800px\" width=\"300\" height=\"250\"   \/><\/a><\/div><\/div>","protected":false},"excerpt":{"rendered":"<p>GAETA &#8211;\u00a0La Polisportiva Gaeta comunica che \u00a0\u00e8 stato raggiunto l&#8217;accordo per la firma del difensore centrale Francesco De Rosa, classe &#8217;83 ex Fermana. Il neo biancorosso ha militato per diversi anni nella D calabrese ed in altre squadre del meridione come Nola, Favara e Baronissi. Quindi \u00e8 stato ingaggiato dalla Copparese, Eccellenza romagnola, per poi [&hellip;]<\/p>\n","protected":false},"author":62,"featured_media":139708,"comment_status":"open","ping_status":"closed","sticky":false,"template":"","format":"standard","meta":{"footnotes":""},"categories":[17],"tags":[],"class_list":["post-139707","post","type-post","status-publish","format-standard","has-post-thumbnail","hentry","category-sport"],"_links":{"self":[{"href":"https:\/\/www.radioluna.it\/news\/wp-json\/wp\/v2\/posts\/139707","targetHints":{"allow":["GET"]}}],"collection":[{"href":"https:\/\/www.radioluna.it\/news\/wp-json\/wp\/v2\/posts"}],"about":[{"href":"https:\/\/www.radioluna.it\/news\/wp-json\/wp\/v2\/types\/post"}],"author":[{"embeddable":true,"href":"https:\/\/www.radioluna.it\/news\/wp-json\/wp\/v2\/users\/62"}],"replies":[{"embeddable":true,"href":"https:\/\/www.radioluna.it\/news\/wp-json\/wp\/v2\/comments?post=139707"}],"version-history":[{"count":0,"href":"https:\/\/www.radioluna.it\/news\/wp-json\/wp\/v2\/posts\/139707\/revisions"}],"wp:featuredmedia":[{"embeddable":true,"href":"https:\/\/www.radioluna.it\/news\/wp-json\/wp\/v2\/media\/139708"}],"wp:attachment":[{"href":"https:\/\/www.radioluna.it\/news\/wp-json\/wp\/v2\/media?parent=139707"}],"wp:term":[{"taxonomy":"category","embeddable":true,"href":"https:\/\/www.radioluna.it\/news\/wp-json\/wp\/v2\/categories?post=139707"},{"taxonomy":"post_tag","embeddable":true,"href":"https:\/\/www.radioluna.it\/news\/wp-json\/wp\/v2\/tags?post=139707"}],"curies":[{"name":"wp","href":"https:\/\/api.w.org\/{rel}","templated":true}]}}