{"id":139724,"date":"2013-08-08T11:28:44","date_gmt":"2013-08-08T09:28:44","guid":{"rendered":"http:\/\/www.radioluna.it\/news\/?p=139724"},"modified":"2013-08-08T11:28:44","modified_gmt":"2013-08-08T09:28:44","slug":"disabili-la-asl-non-li-assume-la-denuncia-dei-sindacati","status":"publish","type":"post","link":"https:\/\/www.radioluna.it\/news\/2013\/08\/disabili-la-asl-non-li-assume-la-denuncia-dei-sindacati\/","title":{"rendered":"DISABILI, LA ASL NON LI ASSUME<BR> La denuncia dei sindacati"},"content":{"rendered":"<div id=\"fb-root\"><\/div>\n<p style=\"text-align: justify;\"><a href=\"http:\/\/www.radioluna.it\/news\/wp-content\/uploads\/2013\/08\/hand.jpg\"><img loading=\"lazy\" decoding=\"async\" class=\"alignleft size-full wp-image-139725\" alt=\"hand\" src=\"http:\/\/www.radioluna.it\/news\/wp-content\/uploads\/2013\/08\/hand.jpg\" width=\"300\" height=\"236\" \/><\/a>LATINA &#8211;\u00a0Alcuni giorni dopo il pronunciamento della Corte di Giustizia Europea, che rimproverava all\u2019Italia l\u2019inefficacia delle nostre misure a favore dell\u2019inserimento delle persone disabili nel mondo del lavoro, si \u00e8 riunita a Latina la Commissione Provinciale per le Politiche del Lavoro: ordine del giorno proprio il collocamento obbligatorio.<\/p>\n<p style=\"text-align: justify;\">&#8220;Che ci fosse consegnato un lungo elenco di aziende esentate dall\u2019obbligo di assumere disabili a causa della crisi era un fenomeno che come organizzazioni sindacali ci aspettavamo &#8211; commentano i segretari provinciali di Cgil, Cisl e Uil, Briganti, Blasik e Garullo \u00a0&#8211; Quello che per\u00f2 \u00e8 saltato ancora all\u2019occhio, in modo sconfortante, \u00e8 che anche il numero di Enti Pubblici che dovrebbero assolvere all\u2019obbligo di legge, e non lo fanno, \u00e8 aumentato.\u00a0Tra questi spiccano in particolare, oramai da anni, le scoperture della Asl di Latina. Si tratta di 63 potenziali posti di lavoro sui 293 totali che il collocamento obbligatorio pu\u00f2 offrire: parliamo di quasi il 22% di opportunit\u00e0 di un impiego per persone disabili che potrebbero essere assicurate dalla sola Asl.\u00a0Questa, gi\u00e0 sollecitata dalla Provincia, ha replicato di non poter procedere con le assunzioni dei disabili perch\u00e9 la Regione Lazio esige che prima debba essere redatto il nuovo Atto Aziendale e che ci\u00f2 debba anche essere compatibile con la pianta organica.\u00a0Ora sappiamo che l\u2019Atto Aziendale non verr\u00e0 varato prima del 5 Ottobre e che la sanit\u00e0 laziale continua a dibattersi con il piano di rientro. Molti altri Enti Locali oltretutto rischierebbero il dissesto se assumessero personale&#8221;.<\/p>\n<p style=\"text-align: justify;\">Dunque i sindacati si chiedono quali speranze rimangano ai portatori di handicap e insistono con la Provincia perch\u00e9 metta in campo ogni possibile sanzione nei confronti della Asl inadempiente, e con la Regione Lazio nei confronti dlela quale svolgeranno un&#8217;azione di sollecito.<\/p>\n<p>\u201cCrediamo \u2013 concludono Briganti, Blasik e Garullo \u2013 che anche in riferimento a questi temi cos\u00ec delicati, possa assumere carattere di grande utilit\u00e0, avviare quel confronto con la Regione Lazio, che come organizzazioni sindacali abbiamo chiesto insieme a Confindustria Latina per affrontare i pi\u00f9 complessivi problemi legati all\u2019economia e all\u2019occupazione\u201d<\/p>\n<p>&nbsp;<\/p>\n<p>&nbsp;<\/p>\n<p>&nbsp;<\/p>\n<p>&nbsp;<\/p>\n<div class=\"radio-posizionamento-telefono-in-articoli-dopo-il-contenuto-articolo radio-entity-placement\" id=\"radio-4091512782\"><div id=\"radio-693890358\" style=\"width: 300px;height: 250px;\"><a href=\"https:\/\/www.icarspa.it\/auto\/usate\/latina\/\" aria-label=\"banner aprile icar new life &#8211; auto usate latina\"><img loading=\"lazy\" decoding=\"async\" src=\"https:\/\/www.radioluna.it\/news\/wp-content\/uploads\/2026\/02\/banner-aprile-icar-new-life-auto-usate-latina.gif\" alt=\"\"  width=\"300\" height=\"250\"   \/><\/a><\/div><\/div>","protected":false},"excerpt":{"rendered":"<p>LATINA &#8211;\u00a0Alcuni giorni dopo il pronunciamento della Corte di Giustizia Europea, che rimproverava all\u2019Italia l\u2019inefficacia delle nostre misure a favore dell\u2019inserimento delle persone disabili nel mondo del lavoro, si \u00e8 riunita a Latina la Commissione Provinciale per le Politiche del Lavoro: ordine del giorno proprio il collocamento obbligatorio. &#8220;Che ci fosse consegnato un lungo elenco [&hellip;]<\/p>\n","protected":false},"author":62,"featured_media":139725,"comment_status":"open","ping_status":"closed","sticky":false,"template":"","format":"standard","meta":{"footnotes":""},"categories":[11],"tags":[],"class_list":["post-139724","post","type-post","status-publish","format-standard","has-post-thumbnail","hentry","category-economia"],"_links":{"self":[{"href":"https:\/\/www.radioluna.it\/news\/wp-json\/wp\/v2\/posts\/139724","targetHints":{"allow":["GET"]}}],"collection":[{"href":"https:\/\/www.radioluna.it\/news\/wp-json\/wp\/v2\/posts"}],"about":[{"href":"https:\/\/www.radioluna.it\/news\/wp-json\/wp\/v2\/types\/post"}],"author":[{"embeddable":true,"href":"https:\/\/www.radioluna.it\/news\/wp-json\/wp\/v2\/users\/62"}],"replies":[{"embeddable":true,"href":"https:\/\/www.radioluna.it\/news\/wp-json\/wp\/v2\/comments?post=139724"}],"version-history":[{"count":0,"href":"https:\/\/www.radioluna.it\/news\/wp-json\/wp\/v2\/posts\/139724\/revisions"}],"wp:featuredmedia":[{"embeddable":true,"href":"https:\/\/www.radioluna.it\/news\/wp-json\/wp\/v2\/media\/139725"}],"wp:attachment":[{"href":"https:\/\/www.radioluna.it\/news\/wp-json\/wp\/v2\/media?parent=139724"}],"wp:term":[{"taxonomy":"category","embeddable":true,"href":"https:\/\/www.radioluna.it\/news\/wp-json\/wp\/v2\/categories?post=139724"},{"taxonomy":"post_tag","embeddable":true,"href":"https:\/\/www.radioluna.it\/news\/wp-json\/wp\/v2\/tags?post=139724"}],"curies":[{"name":"wp","href":"https:\/\/api.w.org\/{rel}","templated":true}]}}