{"id":139775,"date":"2013-08-09T11:10:20","date_gmt":"2013-08-09T09:10:20","guid":{"rendered":"http:\/\/www.radioluna.it\/news\/?p=139775"},"modified":"2013-08-09T11:10:20","modified_gmt":"2013-08-09T09:10:20","slug":"cedis-izzi-protesta-degli-operai-tensione-nel-sit-in","status":"publish","type":"post","link":"https:\/\/www.radioluna.it\/news\/2013\/08\/cedis-izzi-protesta-degli-operai-tensione-nel-sit-in\/","title":{"rendered":"CEDIS IZZI, PROTESTA DEGLI OPERAI  Tensione nel sit -in"},"content":{"rendered":"<div id=\"fb-root\"><\/div>\n<p><a href=\"http:\/\/www.radioluna.it\/news\/wp-content\/uploads\/2012\/02\/protesta-precariato.jpg\"><img loading=\"lazy\" decoding=\"async\" class=\"alignleft size-thumbnail wp-image-116255\" alt=\"protesta precariato\" src=\"http:\/\/www.radioluna.it\/news\/wp-content\/uploads\/2012\/02\/protesta-precariato-150x150.jpg\" width=\"150\" height=\"150\" srcset=\"https:\/\/www.radioluna.it\/news\/wp-content\/uploads\/2012\/02\/protesta-precariato-150x150.jpg 150w, https:\/\/www.radioluna.it\/news\/wp-content\/uploads\/2012\/02\/protesta-precariato-50x50.jpg 50w, https:\/\/www.radioluna.it\/news\/wp-content\/uploads\/2012\/02\/protesta-precariato-80x80.jpg 80w\" sizes=\"auto, (max-width: 150px) 100vw, 150px\" \/><\/a><\/p>\n<p style=\"text-align: justify\">FONDI- Si \u00a0sono mobilitati davanti all\u2019azienda Cedis Izzi gli operai licenziati. Sull\u2019Appia ieri mattina \u00a0hanno protestato contro i licenziamenti: 11 preavvisi sono stati gi\u00e0 inviati su 26 unit\u00e0. La mobilitazione \u00e8 stata organizzata da Cgil, Cisl e Uil che dopo la fumata nera nel corso dei tavoli in Regione e Provincia hanno deciso di entrare in azione e protestare. Non sono mancati i momenti di tensione anche se la situazione \u00e8 rimasta sempre sotto controllo anche per la presenza delle forze dell&#8217;ordine.<\/p>\n<div class=\"radio-posizionamento-telefono-in-articoli-dopo-il-contenuto-articolo radio-entity-placement\" id=\"radio-479187594\"><div id=\"radio-4127593731\"><a href=\"https:\/\/www.simeoneceramiche.com\/\" aria-label=\"SIMEONE CERAMICHE GIF animata per radioluna_Tavola disegno 1 copia 2 (online-video-cutter.com)\"><img loading=\"lazy\" decoding=\"async\" src=\"https:\/\/www.radioluna.it\/news\/wp-content\/uploads\/2025\/05\/SIMEONE-CERAMICHE-GIF-animata-per-radioluna_Tavola-disegno-1-copia-2-online-video-cutter.com_.gif\" alt=\"\"  width=\"300\" height=\"250\"   \/><\/a><\/div><\/div>","protected":false},"excerpt":{"rendered":"<p>FONDI- Si \u00a0sono mobilitati davanti all\u2019azienda Cedis Izzi gli operai licenziati. Sull\u2019Appia ieri mattina \u00a0hanno protestato contro i licenziamenti: 11 preavvisi sono stati gi\u00e0 inviati su 26 unit\u00e0. La mobilitazione \u00e8 stata organizzata da Cgil, Cisl e Uil che dopo la fumata nera nel corso dei tavoli in Regione e Provincia hanno deciso di entrare [&hellip;]<\/p>\n","protected":false},"author":60,"featured_media":116255,"comment_status":"open","ping_status":"closed","sticky":false,"template":"","format":"standard","meta":{"footnotes":""},"categories":[11],"tags":[],"class_list":["post-139775","post","type-post","status-publish","format-standard","has-post-thumbnail","hentry","category-economia"],"_links":{"self":[{"href":"https:\/\/www.radioluna.it\/news\/wp-json\/wp\/v2\/posts\/139775","targetHints":{"allow":["GET"]}}],"collection":[{"href":"https:\/\/www.radioluna.it\/news\/wp-json\/wp\/v2\/posts"}],"about":[{"href":"https:\/\/www.radioluna.it\/news\/wp-json\/wp\/v2\/types\/post"}],"author":[{"embeddable":true,"href":"https:\/\/www.radioluna.it\/news\/wp-json\/wp\/v2\/users\/60"}],"replies":[{"embeddable":true,"href":"https:\/\/www.radioluna.it\/news\/wp-json\/wp\/v2\/comments?post=139775"}],"version-history":[{"count":0,"href":"https:\/\/www.radioluna.it\/news\/wp-json\/wp\/v2\/posts\/139775\/revisions"}],"wp:featuredmedia":[{"embeddable":true,"href":"https:\/\/www.radioluna.it\/news\/wp-json\/wp\/v2\/media\/116255"}],"wp:attachment":[{"href":"https:\/\/www.radioluna.it\/news\/wp-json\/wp\/v2\/media?parent=139775"}],"wp:term":[{"taxonomy":"category","embeddable":true,"href":"https:\/\/www.radioluna.it\/news\/wp-json\/wp\/v2\/categories?post=139775"},{"taxonomy":"post_tag","embeddable":true,"href":"https:\/\/www.radioluna.it\/news\/wp-json\/wp\/v2\/tags?post=139775"}],"curies":[{"name":"wp","href":"https:\/\/api.w.org\/{rel}","templated":true}]}}