{"id":139812,"date":"2013-08-10T01:14:21","date_gmt":"2013-08-09T23:14:21","guid":{"rendered":"http:\/\/www.radioluna.it\/news\/?p=139812"},"modified":"2013-08-09T19:15:32","modified_gmt":"2013-08-09T17:15:32","slug":"caso-vaccaro-lunedi-lincarico-al-consulente","status":"publish","type":"post","link":"https:\/\/www.radioluna.it\/news\/2013\/08\/caso-vaccaro-lunedi-lincarico-al-consulente\/","title":{"rendered":"CASO VACCARO<br> Luned\u00ec l&#8217;incarico al consulente"},"content":{"rendered":"<div id=\"fb-root\"><\/div>\n<div id=\"attachment_120642\" style=\"width: 310px\" class=\"wp-caption alignleft\"><a href=\"http:\/\/www.radioluna.it\/news\/wp-content\/uploads\/2012\/05\/tribunale-Latina.jpg\"><img loading=\"lazy\" decoding=\"async\" aria-describedby=\"caption-attachment-120642\" class=\"size-medium wp-image-120642\" alt=\"Il Tribunale di Latina\" src=\"http:\/\/www.radioluna.it\/news\/wp-content\/uploads\/2012\/05\/tribunale-Latina-300x167.jpg\" width=\"300\" height=\"167\" srcset=\"https:\/\/www.radioluna.it\/news\/wp-content\/uploads\/2012\/05\/tribunale-Latina-300x167.jpg 300w, https:\/\/www.radioluna.it\/news\/wp-content\/uploads\/2012\/05\/tribunale-Latina.jpg 370w\" sizes=\"auto, (max-width: 300px) 100vw, 300px\" \/><\/a><p id=\"caption-attachment-120642\" class=\"wp-caption-text\">Il Tribunale di Latina<\/p><\/div>\n<p style=\"text-align: justify;\"><strong>LATINA-<\/strong> Luned\u00ec i giudici della Corte d&#8217;Assise del Tribunale di Latina affideranno l&#8217;incarico allo psichiatra Pasquale Pede che dovr\u00e0 visitare Francesco D&#8217;Antonio, condannato lo scorso 15 luglio a 24 anni di reclusione perch\u00e8 ritenuto l&#8217;ispiratore dell&#8217;omicidio di Matteo Vaccaro. D&#8217;Antonio \u00e8 ai domiciliari da oltre due anni e il pm Giuseppe Miliano ha chiesto di accertare la compatibilit\u00e0 del giovane con il carcere o i domiciliari. Il quesito sar\u00e0 sciolto dal consulente del Tribunale. La mossa della Procura \u00e8 arrivata dopo la fuga di Paolo Peruzzi, anche lui condannato ma a 15 anni di reclusione, che \u00e8 evaso dai domiciliari. La difesa di D&#8217;Antonio si riserva di nominare un perito di parte.<\/p>\n<p>&nbsp;<\/p>\n<div class=\"radio-posizionamento-telefono-in-articoli-dopo-il-contenuto-articolo radio-entity-placement\" id=\"radio-2994817961\"><div id=\"radio-1039945001\"><a href=\"https:\/\/www.simeoneceramiche.com\/\" aria-label=\"SIMEONE CERAMICHE GIF animata per radioluna_Tavola disegno 1 copia 2 (online-video-cutter.com)\"><img loading=\"lazy\" decoding=\"async\" src=\"https:\/\/www.radioluna.it\/news\/wp-content\/uploads\/2025\/05\/SIMEONE-CERAMICHE-GIF-animata-per-radioluna_Tavola-disegno-1-copia-2-online-video-cutter.com_.gif\" alt=\"\"  width=\"300\" height=\"250\"   \/><\/a><\/div><\/div>","protected":false},"excerpt":{"rendered":"<p>LATINA- Luned\u00ec i giudici della Corte d&#8217;Assise del Tribunale di Latina affideranno l&#8217;incarico allo psichiatra Pasquale Pede che dovr\u00e0 visitare Francesco D&#8217;Antonio, condannato lo scorso 15 luglio a 24 anni di reclusione perch\u00e8 ritenuto l&#8217;ispiratore dell&#8217;omicidio di Matteo Vaccaro. D&#8217;Antonio \u00e8 ai domiciliari da oltre due anni e il pm Giuseppe Miliano ha chiesto di [&hellip;]<\/p>\n","protected":false},"author":60,"featured_media":120642,"comment_status":"open","ping_status":"closed","sticky":false,"template":"","format":"standard","meta":{"footnotes":""},"categories":[7],"tags":[],"class_list":["post-139812","post","type-post","status-publish","format-standard","has-post-thumbnail","hentry","category-cronaca"],"_links":{"self":[{"href":"https:\/\/www.radioluna.it\/news\/wp-json\/wp\/v2\/posts\/139812","targetHints":{"allow":["GET"]}}],"collection":[{"href":"https:\/\/www.radioluna.it\/news\/wp-json\/wp\/v2\/posts"}],"about":[{"href":"https:\/\/www.radioluna.it\/news\/wp-json\/wp\/v2\/types\/post"}],"author":[{"embeddable":true,"href":"https:\/\/www.radioluna.it\/news\/wp-json\/wp\/v2\/users\/60"}],"replies":[{"embeddable":true,"href":"https:\/\/www.radioluna.it\/news\/wp-json\/wp\/v2\/comments?post=139812"}],"version-history":[{"count":0,"href":"https:\/\/www.radioluna.it\/news\/wp-json\/wp\/v2\/posts\/139812\/revisions"}],"wp:featuredmedia":[{"embeddable":true,"href":"https:\/\/www.radioluna.it\/news\/wp-json\/wp\/v2\/media\/120642"}],"wp:attachment":[{"href":"https:\/\/www.radioluna.it\/news\/wp-json\/wp\/v2\/media?parent=139812"}],"wp:term":[{"taxonomy":"category","embeddable":true,"href":"https:\/\/www.radioluna.it\/news\/wp-json\/wp\/v2\/categories?post=139812"},{"taxonomy":"post_tag","embeddable":true,"href":"https:\/\/www.radioluna.it\/news\/wp-json\/wp\/v2\/tags?post=139812"}],"curies":[{"name":"wp","href":"https:\/\/api.w.org\/{rel}","templated":true}]}}