{"id":139821,"date":"2013-08-10T13:33:16","date_gmt":"2013-08-10T11:33:16","guid":{"rendered":"http:\/\/www.radioluna.it\/news\/?p=139821"},"modified":"2013-08-10T13:33:19","modified_gmt":"2013-08-10T11:33:19","slug":"azzannata-da-un-grosso-cane-donna-ricoverata-in-ospedale-a-latina","status":"publish","type":"post","link":"https:\/\/www.radioluna.it\/news\/2013\/08\/azzannata-da-un-grosso-cane-donna-ricoverata-in-ospedale-a-latina\/","title":{"rendered":"MORSA DAL CANE DI FAMIGLIA E&#8217; IN OSPEDALE<BR> A Bainsizza ragazza azzannata alla gamba"},"content":{"rendered":"<div id=\"fb-root\"><\/div>\n<p style=\"text-align: justify;\"><a href=\"http:\/\/www.radioluna.it\/news\/wp-content\/uploads\/2011\/03\/Ambulanza-118-di-Notte.jpg\"><img loading=\"lazy\" decoding=\"async\" class=\"alignleft size-medium wp-image-87747\" alt=\"Ambulanza-118-di-Notte\" src=\"http:\/\/www.radioluna.it\/news\/wp-content\/uploads\/2011\/03\/Ambulanza-118-di-Notte-300x146.jpg\" width=\"300\" height=\"146\" srcset=\"https:\/\/www.radioluna.it\/news\/wp-content\/uploads\/2011\/03\/Ambulanza-118-di-Notte-300x146.jpg 300w, https:\/\/www.radioluna.it\/news\/wp-content\/uploads\/2011\/03\/Ambulanza-118-di-Notte-500x243.jpg 500w, https:\/\/www.radioluna.it\/news\/wp-content\/uploads\/2011\/03\/Ambulanza-118-di-Notte.jpg 600w\" sizes=\"auto, (max-width: 300px) 100vw, 300px\" \/><\/a>LATINA \u00a0&#8211; E&#8217; stata attaccata dal pastore tedesco di famiglia che l&#8217;ha morsa al volto. Soccorsa dai parenti, \u00e8 stata\u00a0ricoverata all&#8217;ospedale &#8220;Santa Maria Goretti&#8221; di Latina. \u00a0 L&#8217;episodio si \u00e8 verificato nella notte, in un&#8217;abitazione \u00a0al Lido nella zona di \u00a0Valmontorio, dove la signora, che si era svegliata dal sonno, non si \u00e8 accorta dell&#8217;animale accucciato ed \u00e8 inciampata cadendo e battendo la testa a terra. A quel punto, il pastore tedesco, un esemplare di sette anni che non aveva mai mostrato segni di aggressivit\u00e0, \u00a0l&#8217;ha morsa sul viso causandole ferite.\u00a0Dopo essere stata \u00a0medicata al pronto soccorso, rester\u00e0 in osservazione fino a luned\u00ec. Carabinieri e Asl stanno svolgendo le indagini sull&#8217;accaduto. La Asl sta svolgendo gli accertamenti di rito sul cane.<\/p>\n<p style=\"text-align: justify;\">A Borgo Bainsizza, invece oggi intorno alle 11 una ragazza di 27 anni \u00e8 stata azzannata da un cane. Soccorsa dai sanitari del 118 \u00e8 stata portata in pronto soccorso con una profonda ferita ad una gamba. L&#8217;episodio \u00e8 avvenuto su Via del Crocifisso.<\/p>\n","protected":false},"excerpt":{"rendered":"<p>LATINA \u00a0&#8211; E&#8217; stata attaccata dal pastore tedesco di famiglia che l&#8217;ha morsa al volto. Soccorsa dai parenti, \u00e8 stata\u00a0ricoverata all&#8217;ospedale &#8220;Santa Maria Goretti&#8221; di Latina. \u00a0 L&#8217;episodio si \u00e8 verificato nella notte, in un&#8217;abitazione \u00a0al Lido nella zona di \u00a0Valmontorio, dove la signora, che si era svegliata dal sonno, non si \u00e8 accorta dell&#8217;animale [&hellip;]<\/p>\n","protected":false},"author":62,"featured_media":87747,"comment_status":"open","ping_status":"closed","sticky":false,"template":"","format":"standard","meta":{"footnotes":""},"categories":[7],"tags":[],"class_list":["post-139821","post","type-post","status-publish","format-standard","has-post-thumbnail","hentry","category-cronaca"],"_links":{"self":[{"href":"https:\/\/www.radioluna.it\/news\/wp-json\/wp\/v2\/posts\/139821","targetHints":{"allow":["GET"]}}],"collection":[{"href":"https:\/\/www.radioluna.it\/news\/wp-json\/wp\/v2\/posts"}],"about":[{"href":"https:\/\/www.radioluna.it\/news\/wp-json\/wp\/v2\/types\/post"}],"author":[{"embeddable":true,"href":"https:\/\/www.radioluna.it\/news\/wp-json\/wp\/v2\/users\/62"}],"replies":[{"embeddable":true,"href":"https:\/\/www.radioluna.it\/news\/wp-json\/wp\/v2\/comments?post=139821"}],"version-history":[{"count":0,"href":"https:\/\/www.radioluna.it\/news\/wp-json\/wp\/v2\/posts\/139821\/revisions"}],"wp:featuredmedia":[{"embeddable":true,"href":"https:\/\/www.radioluna.it\/news\/wp-json\/wp\/v2\/media\/87747"}],"wp:attachment":[{"href":"https:\/\/www.radioluna.it\/news\/wp-json\/wp\/v2\/media?parent=139821"}],"wp:term":[{"taxonomy":"category","embeddable":true,"href":"https:\/\/www.radioluna.it\/news\/wp-json\/wp\/v2\/categories?post=139821"},{"taxonomy":"post_tag","embeddable":true,"href":"https:\/\/www.radioluna.it\/news\/wp-json\/wp\/v2\/tags?post=139821"}],"curies":[{"name":"wp","href":"https:\/\/api.w.org\/{rel}","templated":true}]}}