{"id":139905,"date":"2013-08-12T17:48:56","date_gmt":"2013-08-12T15:48:56","guid":{"rendered":"http:\/\/www.radioluna.it\/news\/?p=139905"},"modified":"2013-08-13T08:36:00","modified_gmt":"2013-08-13T06:36:00","slug":"niente-falo-in-spiaggia-scatta-il-ferragosto-sicuro","status":"publish","type":"post","link":"https:\/\/www.radioluna.it\/news\/2013\/08\/niente-falo-in-spiaggia-scatta-il-ferragosto-sicuro\/","title":{"rendered":"NIENTE FALO&#8217; IN SPIAGGIA<br>  Scatta il Ferragosto sicuro"},"content":{"rendered":"<div id=\"fb-root\"><\/div>\n<p><a href=\"http:\/\/www.radioluna.it\/news\/wp-content\/uploads\/2011\/08\/falo.jpg\"><img loading=\"lazy\" decoding=\"async\" class=\"alignleft size-thumbnail wp-image-108203\" alt=\"falo\" src=\"http:\/\/www.radioluna.it\/news\/wp-content\/uploads\/2011\/08\/falo-150x150.jpg\" width=\"150\" height=\"150\" srcset=\"https:\/\/www.radioluna.it\/news\/wp-content\/uploads\/2011\/08\/falo-150x150.jpg 150w, https:\/\/www.radioluna.it\/news\/wp-content\/uploads\/2011\/08\/falo-50x50.jpg 50w, https:\/\/www.radioluna.it\/news\/wp-content\/uploads\/2011\/08\/falo-80x80.jpg 80w, https:\/\/www.radioluna.it\/news\/wp-content\/uploads\/2011\/08\/falo.jpg 300w\" sizes=\"auto, (max-width: 150px) 100vw, 150px\" \/><\/a><\/p>\n<p style=\"text-align: justify;\">FONDI- Fal\u00f2 vietati in spiaggia a Fondi, l&#8217;ordinanza del sindaco \u00e8 per il Ferragosto e non solo e come spiegano dall&#8217;amministrazione comunale &lt;L&#8217;obiettivo \u00e8 quello di prevenire il rischio di incidenti e incendi e prevenire anche l&#8217;inquinamento dell&#8217;arenile&gt;. Proprio per consentire il rispetto dell&#8217;ordinanza, sul litorale di Fondi saranno impegnati oltre ai vigili urbani, anche polizia, carabinieri e guardia di finanza e capitaneria di porto.<\/p>\n<p style=\"text-align: justify;\">\n","protected":false},"excerpt":{"rendered":"<p>FONDI- Fal\u00f2 vietati in spiaggia a Fondi, l&#8217;ordinanza del sindaco \u00e8 per il Ferragosto e non solo e come spiegano dall&#8217;amministrazione comunale &lt;L&#8217;obiettivo \u00e8 quello di prevenire il rischio di incidenti e incendi e prevenire anche l&#8217;inquinamento dell&#8217;arenile&gt;. Proprio per consentire il rispetto dell&#8217;ordinanza, sul litorale di Fondi saranno impegnati oltre ai vigili urbani, anche [&hellip;]<\/p>\n","protected":false},"author":60,"featured_media":108203,"comment_status":"open","ping_status":"closed","sticky":false,"template":"","format":"standard","meta":{"footnotes":""},"categories":[12,7],"tags":[],"class_list":["post-139905","post","type-post","status-publish","format-standard","has-post-thumbnail","hentry","category-ambiente","category-cronaca"],"_links":{"self":[{"href":"https:\/\/www.radioluna.it\/news\/wp-json\/wp\/v2\/posts\/139905","targetHints":{"allow":["GET"]}}],"collection":[{"href":"https:\/\/www.radioluna.it\/news\/wp-json\/wp\/v2\/posts"}],"about":[{"href":"https:\/\/www.radioluna.it\/news\/wp-json\/wp\/v2\/types\/post"}],"author":[{"embeddable":true,"href":"https:\/\/www.radioluna.it\/news\/wp-json\/wp\/v2\/users\/60"}],"replies":[{"embeddable":true,"href":"https:\/\/www.radioluna.it\/news\/wp-json\/wp\/v2\/comments?post=139905"}],"version-history":[{"count":0,"href":"https:\/\/www.radioluna.it\/news\/wp-json\/wp\/v2\/posts\/139905\/revisions"}],"wp:featuredmedia":[{"embeddable":true,"href":"https:\/\/www.radioluna.it\/news\/wp-json\/wp\/v2\/media\/108203"}],"wp:attachment":[{"href":"https:\/\/www.radioluna.it\/news\/wp-json\/wp\/v2\/media?parent=139905"}],"wp:term":[{"taxonomy":"category","embeddable":true,"href":"https:\/\/www.radioluna.it\/news\/wp-json\/wp\/v2\/categories?post=139905"},{"taxonomy":"post_tag","embeddable":true,"href":"https:\/\/www.radioluna.it\/news\/wp-json\/wp\/v2\/tags?post=139905"}],"curies":[{"name":"wp","href":"https:\/\/api.w.org\/{rel}","templated":true}]}}