{"id":139986,"date":"2013-08-14T12:17:54","date_gmt":"2013-08-14T10:17:54","guid":{"rendered":"http:\/\/www.radioluna.it\/news\/?p=139986"},"modified":"2015-01-26T19:16:20","modified_gmt":"2015-01-26T18:16:20","slug":"a-ponza-lomaggio-a-prudente-ricordo-di-ernesto-presidente-di-palmarola","status":"publish","type":"post","link":"https:\/\/www.radioluna.it\/news\/2013\/08\/a-ponza-lomaggio-a-prudente-ricordo-di-ernesto-presidente-di-palmarola\/","title":{"rendered":"A PONZA L&#8217;OMAGGIO A PRUDENTE<BR> Ricordo di Ernesto, presidente di Palmarola"},"content":{"rendered":"<div id=\"fb-root\"><\/div>\n<div id=\"attachment_139987\" style=\"width: 445px\" class=\"wp-caption alignleft\"><a href=\"http:\/\/www.radioluna.it\/news\/wp-content\/uploads\/2013\/08\/prudente.jpg\"><img loading=\"lazy\" decoding=\"async\" aria-describedby=\"caption-attachment-139987\" class=\"size-full wp-image-139987\" src=\"http:\/\/www.radioluna.it\/news\/wp-content\/uploads\/2013\/08\/prudente.jpg\" alt=\"Ernesto Prudente\" width=\"435\" height=\"241\" srcset=\"https:\/\/www.radioluna.it\/news\/wp-content\/uploads\/2013\/08\/prudente.jpg 435w, https:\/\/www.radioluna.it\/news\/wp-content\/uploads\/2013\/08\/prudente-300x166.jpg 300w\" sizes=\"auto, (max-width: 435px) 100vw, 435px\" \/><\/a><p id=\"caption-attachment-139987\" class=\"wp-caption-text\">Ernesto Prudente<\/p><\/div>\n<p style=\"text-align: justify;\">PONZA &#8211; Si intitola &#8220;Ponza Ombelico del mondo&#8221;, l&#8217;\u00a0Omaggio a Ernesto Prudente, per tutti presidente di Palmarola, che si terr\u00e0 venerd\u00ec 16 agosto nel\u00a0Piazzale di Giancos (alle 22.00).<\/p>\n<p style=\"text-align: justify;\">\u201cMi considero l\u2019uomo pi\u00f9 ricco del mondo. Ho tanti amici. Qualunque cosa mi passi per la testa, loro me la procurano. Mi sono riconoscenti per il fatto che gli metto a disposizione la mia povert\u00e0. \u00c8 difficile condividere la povert\u00e0\u201d. E&#8217; una delle frasi di Ernesto Prudente, saggio dell&#8217;isola scomparso il 23 settembre del 2012. \u00a0Maestro di Ponza, linguista e autore di testi di antropologia e storia delle isole dell\u2019arcipelago ponziano (cos\u00ec lo chiamava polemizzando con chi diversamente riuniva Ponza, Palmarola, Zannone, Ventotene e Santo Stefano, sotto il nome di Arcipelago Pontino).<\/p>\n<p style=\"text-align: justify;\">Grande conoscitore e grande amante della sua terra e del suo mare, Prudente sar\u00e0 ricordato nell\u2019ambito degli eventi di Ponza Estate 2013. L\u2019appuntamento sara\u2019 curato e coordinato dal professor Franco De Luca e dal direttore artistico della rassegna Ponza estate 2013, che proporr\u00e0, con una modalit\u00e0 teatrale, un percorso di riconoscimento e riscoperta dei temi cari ad Ernesto: la ponzesit\u00e0 e l\u2019isola di Palmarola.<br \/>\n&#8220;Sar\u00e0 una serata all\u2019insegna dell\u2019amore e dell\u2019amicizia &#8211; promettono gli organizzatori &#8211; \u00a0L\u2019amore immenso che Ernesto ha coltivato nel corso della sua vita per Ponza e Palmarola e tutte le altre isole dell\u2019arcipelago. L\u2019amicizia di tutti gli uomini che sono cresciuti con lui, tra i banchi di scuola e di quelli che lo hanno affiancato in mille avventure&#8221;.<br \/>\nInterverranno con i loro racconti il sindaco di Ponza Piero Vigorelli; Giosu\u00e8 Coppa, vicesindaco di Ponza; Daniele Coraggio, presidente della comunit\u00e0 Arcipelago delle isole ponziane; Silverio Lamonica, autore e poeta;<br \/>\nInoltre \u00e8 prevista la straordinaria partecipazione dell\u2019architetto Piero Meogrossi che presenter\u00e0 un intervento creato ad hoc dal titolo \u201cIl mondo estremo di Ernesto Prudente: naviganti e metamorfosi del Mediterraneo antico\u201c.<\/p>\n<p>&nbsp;<\/p>\n","protected":false},"excerpt":{"rendered":"<p>PONZA &#8211; Si intitola &#8220;Ponza Ombelico del mondo&#8221;, l&#8217;\u00a0Omaggio a Ernesto Prudente, per tutti presidente di Palmarola, che si terr\u00e0 venerd\u00ec 16 agosto nel\u00a0Piazzale di Giancos (alle 22.00). \u201cMi considero l\u2019uomo pi\u00f9 ricco del mondo. Ho tanti amici. Qualunque cosa mi passi per la testa, loro me la procurano. Mi sono riconoscenti per il fatto [&hellip;]<\/p>\n","protected":false},"author":62,"featured_media":139987,"comment_status":"open","ping_status":"closed","sticky":false,"template":"","format":"standard","meta":{"footnotes":""},"categories":[8],"tags":[],"class_list":["post-139986","post","type-post","status-publish","format-standard","has-post-thumbnail","hentry","category-politica"],"_links":{"self":[{"href":"https:\/\/www.radioluna.it\/news\/wp-json\/wp\/v2\/posts\/139986","targetHints":{"allow":["GET"]}}],"collection":[{"href":"https:\/\/www.radioluna.it\/news\/wp-json\/wp\/v2\/posts"}],"about":[{"href":"https:\/\/www.radioluna.it\/news\/wp-json\/wp\/v2\/types\/post"}],"author":[{"embeddable":true,"href":"https:\/\/www.radioluna.it\/news\/wp-json\/wp\/v2\/users\/62"}],"replies":[{"embeddable":true,"href":"https:\/\/www.radioluna.it\/news\/wp-json\/wp\/v2\/comments?post=139986"}],"version-history":[{"count":0,"href":"https:\/\/www.radioluna.it\/news\/wp-json\/wp\/v2\/posts\/139986\/revisions"}],"wp:featuredmedia":[{"embeddable":true,"href":"https:\/\/www.radioluna.it\/news\/wp-json\/wp\/v2\/media\/139987"}],"wp:attachment":[{"href":"https:\/\/www.radioluna.it\/news\/wp-json\/wp\/v2\/media?parent=139986"}],"wp:term":[{"taxonomy":"category","embeddable":true,"href":"https:\/\/www.radioluna.it\/news\/wp-json\/wp\/v2\/categories?post=139986"},{"taxonomy":"post_tag","embeddable":true,"href":"https:\/\/www.radioluna.it\/news\/wp-json\/wp\/v2\/tags?post=139986"}],"curies":[{"name":"wp","href":"https:\/\/api.w.org\/{rel}","templated":true}]}}