{"id":140059,"date":"2013-08-17T12:39:40","date_gmt":"2013-08-17T10:39:40","guid":{"rendered":"http:\/\/www.radioluna.it\/news\/?p=140059"},"modified":"2013-08-17T12:39:40","modified_gmt":"2013-08-17T10:39:40","slug":"slitta-la-presentazione-del-latina-appuntamento-martedi-al-francioni","status":"publish","type":"post","link":"https:\/\/www.radioluna.it\/news\/2013\/08\/slitta-la-presentazione-del-latina-appuntamento-martedi-al-francioni\/","title":{"rendered":"SLITTA LA PRESENTAZIONE DEL LATINA<BR> Appuntamento marted\u00ec al Francioni"},"content":{"rendered":"<div id=\"fb-root\"><\/div>\n<p style=\"text-align: justify;\"><a href=\"http:\/\/www.radioluna.it\/news\/wp-content\/uploads\/2010\/09\/Stadio_francioni.jpg\"><img loading=\"lazy\" decoding=\"async\" class=\"alignleft size-medium wp-image-13305\" alt=\"Stadio_francioni\" src=\"http:\/\/www.radioluna.it\/news\/wp-content\/uploads\/2010\/09\/Stadio_francioni-300x219.jpg\" width=\"300\" height=\"219\" \/><\/a>LATINA &#8211; Ci sono ancora accordi da definire e slitta la presentazione ufficiale del Latina di serie B. Lo comunica la societ\u00e0 in una nota. Nei giorni scorsi l&#8217;appuntamento era stato fissato per luned\u00ec sera, ora arriva la notizia che la squadra si presenter\u00e0 al pubblico e alla stampa non prima di marted\u00ec sera, alle 21, sempre allo stadio Francioni. Quattro giorni pi\u00f9 tardi, i nerazzurri debutteranno nel campionato di serie B giocando ad Empoli.<\/p>\n<p style=\"text-align: justify;\">\n<p>&nbsp;<\/p>\n<div class=\"radio-posizionamento-telefono-in-articoli-dopo-il-contenuto-articolo radio-entity-placement\" id=\"radio-3245055906\"><div id=\"radio-3065442557\"><a href=\"https:\/\/www.simeoneceramiche.com\/\" aria-label=\"SIMEONE CERAMICHE GIF animata per radioluna_Tavola disegno 1 copia 2 (online-video-cutter.com)\"><img loading=\"lazy\" decoding=\"async\" src=\"https:\/\/www.radioluna.it\/news\/wp-content\/uploads\/2025\/05\/SIMEONE-CERAMICHE-GIF-animata-per-radioluna_Tavola-disegno-1-copia-2-online-video-cutter.com_.gif\" alt=\"\"  width=\"300\" height=\"250\"   \/><\/a><\/div><\/div>","protected":false},"excerpt":{"rendered":"<p>LATINA &#8211; Ci sono ancora accordi da definire e slitta la presentazione ufficiale del Latina di serie B. Lo comunica la societ\u00e0 in una nota. Nei giorni scorsi l&#8217;appuntamento era stato fissato per luned\u00ec sera, ora arriva la notizia che la squadra si presenter\u00e0 al pubblico e alla stampa non prima di marted\u00ec sera, alle [&hellip;]<\/p>\n","protected":false},"author":62,"featured_media":0,"comment_status":"open","ping_status":"closed","sticky":false,"template":"","format":"standard","meta":{"footnotes":""},"categories":[17],"tags":[],"class_list":["post-140059","post","type-post","status-publish","format-standard","hentry","category-sport"],"_links":{"self":[{"href":"https:\/\/www.radioluna.it\/news\/wp-json\/wp\/v2\/posts\/140059","targetHints":{"allow":["GET"]}}],"collection":[{"href":"https:\/\/www.radioluna.it\/news\/wp-json\/wp\/v2\/posts"}],"about":[{"href":"https:\/\/www.radioluna.it\/news\/wp-json\/wp\/v2\/types\/post"}],"author":[{"embeddable":true,"href":"https:\/\/www.radioluna.it\/news\/wp-json\/wp\/v2\/users\/62"}],"replies":[{"embeddable":true,"href":"https:\/\/www.radioluna.it\/news\/wp-json\/wp\/v2\/comments?post=140059"}],"version-history":[{"count":0,"href":"https:\/\/www.radioluna.it\/news\/wp-json\/wp\/v2\/posts\/140059\/revisions"}],"wp:attachment":[{"href":"https:\/\/www.radioluna.it\/news\/wp-json\/wp\/v2\/media?parent=140059"}],"wp:term":[{"taxonomy":"category","embeddable":true,"href":"https:\/\/www.radioluna.it\/news\/wp-json\/wp\/v2\/categories?post=140059"},{"taxonomy":"post_tag","embeddable":true,"href":"https:\/\/www.radioluna.it\/news\/wp-json\/wp\/v2\/tags?post=140059"}],"curies":[{"name":"wp","href":"https:\/\/api.w.org\/{rel}","templated":true}]}}