{"id":140104,"date":"2013-08-19T16:00:03","date_gmt":"2013-08-19T14:00:03","guid":{"rendered":"http:\/\/www.radioluna.it\/news\/?p=140104"},"modified":"2013-08-19T16:00:03","modified_gmt":"2013-08-19T14:00:03","slug":"festa-democratica-appuntamento-a-borgo-san-michele","status":"publish","type":"post","link":"https:\/\/www.radioluna.it\/news\/2013\/08\/festa-democratica-appuntamento-a-borgo-san-michele\/","title":{"rendered":"FESTA DEMOCRATICA<BR> Appuntamento a Borgo San Michele"},"content":{"rendered":"<div id=\"fb-root\"><\/div>\n<div id=\"attachment_125038\" style=\"width: 310px\" class=\"wp-caption alignleft\"><a href=\"http:\/\/www.radioluna.it\/news\/wp-content\/uploads\/2012\/09\/pd_logo.jpg\"><img loading=\"lazy\" decoding=\"async\" aria-describedby=\"caption-attachment-125038\" class=\"size-medium wp-image-125038\" alt=\"Pd\" src=\"http:\/\/www.radioluna.it\/news\/wp-content\/uploads\/2012\/09\/pd_logo-300x211.jpg\" width=\"300\" height=\"211\" srcset=\"https:\/\/www.radioluna.it\/news\/wp-content\/uploads\/2012\/09\/pd_logo-300x211.jpg 300w, https:\/\/www.radioluna.it\/news\/wp-content\/uploads\/2012\/09\/pd_logo-768x542.jpg 768w, https:\/\/www.radioluna.it\/news\/wp-content\/uploads\/2012\/09\/pd_logo-500x353.jpg 500w, https:\/\/www.radioluna.it\/news\/wp-content\/uploads\/2012\/09\/pd_logo.jpg 800w\" sizes=\"auto, (max-width: 300px) 100vw, 300px\" \/><\/a><p id=\"caption-attachment-125038\" class=\"wp-caption-text\">Pd<\/p><\/div>\n<p style=\"text-align: justify;\"><strong>BORGO SAN MICHELE &#8211;<\/strong> Si svolger\u00e0 dal 23 al 25 agosto la 3^ edizione della Festa Democratica organizzata a Borgo San Michele dal locale circolo PD Latina Sud. Come ogni anno tre giorni dedicati alla politica e alla musica, con la possibilit\u00e0 di gustare le bont\u00e0 dello stand gastronomico a cura del Bar Trattoria \u201cI fratelloni\u201d.<\/p>\n<p style=\"text-align: justify;\">Lo spazio politico, in programma tutte le sere alle ore 18,30, si apre venerd\u00ec 23 agosto con l\u2019incontro \u201cLa nuova economia pontina\u201d, con la partecipazione di alcuni noti imprenditori pontini, l\u2019ingegnere Stefano Nardecchia che ha progettato un battello per la navigabilit\u00e0 dei canali pontini, Italo Bergantini della Romberg Arte Contemporanea, Massimiliano Porcelli della cooperativa Utopia 2000 e Maurizio Ramati titolare di un\u2019azienda agricola.<\/p>\n<p style=\"text-align: justify;\">Per sabato 24 \u00e8 in programma l\u2019incontro su \u201cLa nuova Regione Lazio\u201d con la partecipazione dell\u2019assessore regionale all\u2019agricoltura Sonia Ricci e dei consiglieri regionali Enrico Forte (PD) e Rosa Giancola (Per il Lazio). Infine la chiusura domenica 25 agosto con l\u2019incontro \u201cIl PD e i suoi amministratori\u201d con Sesa Amici, Sottosegretario ai Rapporti con il Parlamento del Governo Letta, insieme ad una rappresentanza di sindaci del centrosinistra pontino.<\/p>\n<p style=\"text-align: justify;\">Per quanto riguarda gli appuntamenti musicali tutte le sere dalle 20,30 alle 21,45 \u00e8 in programma il Piano Bar con Cinzia e Salvatore. A seguire ogni serata presenter\u00e0 un gruppo diverso. Venerd\u00ec 23 musica con Spoonthetable \u2013 Electric Band. Il gruppo soul-blues nasce nel tardo 2010 da Francesca Polli (vox), Vincenzo Morinelli (chitarra), e Flavio Bertipaglia (contrabbasso). Dopo qualche rimescolamento nella formazione il gruppo torna alla lineup originale con il valore aggiunto di Marco Libanori alla batteria e percussioni, a dare una spinta decisamente pi\u00f9 &#8220;groovosa &#8220;, grazie anche alla sostituzione del contrabbasso e la chitarra acustica con strumenti elettrici. Lo spirito soul, tuttavia, rimane invariato e il gruppo continua a confrontarsi con brani di Janis Joplin, Ben Harper, Skip James, Stevie Wonder, Adele, ecc. Per sabato 24 \u00e8 invece in programma una serata con gli ZZ What? Il gruppo \u00e8 una tribute band degli ZZ Top. Nata nel 2003 dall&#8217;idea di tre fratelli con la passione per il rock, \u00e8 la band pi\u00f9 barbuta che la storia della musica ricordi, gli eredi \u201cnaturali\u201d di quegli ZZ Top che della loro pelosit\u00e0 facciale hanno fatto l\u2019elemento distintivo. Gli ZZWHAT? sono Stefano Padovan (chitarra e voce) Alberto Padovan (basso) e Cristian Padovan (batteria) propongono il southern, il rock-blues e il rock&#8217;n&#8217;roll proprio degli ZZ Top, attraverso un repertorio lungo quarant\u2019anni che, con le sue particolari sonorit\u00e0, ci porter\u00e0 lungo le polverose strade americane. Domenica 25 agosto si chiude con Alessia Campoli Trio \u2013 International Music. Il Trio \u00e8 composto da Alessia Campoli voce, Mauro Miletta chitarra e cori, Francesco Lucci alle tastiere. In programma brani pop e dance italiani e stranieri.<\/p>\n","protected":false},"excerpt":{"rendered":"<p>BORGO SAN MICHELE &#8211; Si svolger\u00e0 dal 23 al 25 agosto la 3^ edizione della Festa Democratica organizzata a Borgo San Michele dal locale circolo PD Latina Sud. Come ogni anno tre giorni dedicati alla politica e alla musica, con la possibilit\u00e0 di gustare le bont\u00e0 dello stand gastronomico a cura del Bar Trattoria \u201cI [&hellip;]<\/p>\n","protected":false},"author":60,"featured_media":125038,"comment_status":"open","ping_status":"closed","sticky":false,"template":"","format":"standard","meta":{"footnotes":""},"categories":[16],"tags":[],"class_list":["post-140104","post","type-post","status-publish","format-standard","has-post-thumbnail","hentry","category-appuntamenti"],"_links":{"self":[{"href":"https:\/\/www.radioluna.it\/news\/wp-json\/wp\/v2\/posts\/140104","targetHints":{"allow":["GET"]}}],"collection":[{"href":"https:\/\/www.radioluna.it\/news\/wp-json\/wp\/v2\/posts"}],"about":[{"href":"https:\/\/www.radioluna.it\/news\/wp-json\/wp\/v2\/types\/post"}],"author":[{"embeddable":true,"href":"https:\/\/www.radioluna.it\/news\/wp-json\/wp\/v2\/users\/60"}],"replies":[{"embeddable":true,"href":"https:\/\/www.radioluna.it\/news\/wp-json\/wp\/v2\/comments?post=140104"}],"version-history":[{"count":0,"href":"https:\/\/www.radioluna.it\/news\/wp-json\/wp\/v2\/posts\/140104\/revisions"}],"wp:featuredmedia":[{"embeddable":true,"href":"https:\/\/www.radioluna.it\/news\/wp-json\/wp\/v2\/media\/125038"}],"wp:attachment":[{"href":"https:\/\/www.radioluna.it\/news\/wp-json\/wp\/v2\/media?parent=140104"}],"wp:term":[{"taxonomy":"category","embeddable":true,"href":"https:\/\/www.radioluna.it\/news\/wp-json\/wp\/v2\/categories?post=140104"},{"taxonomy":"post_tag","embeddable":true,"href":"https:\/\/www.radioluna.it\/news\/wp-json\/wp\/v2\/tags?post=140104"}],"curies":[{"name":"wp","href":"https:\/\/api.w.org\/{rel}","templated":true}]}}