{"id":140116,"date":"2013-08-19T17:58:28","date_gmt":"2013-08-19T15:58:28","guid":{"rendered":"http:\/\/www.radioluna.it\/news\/?p=140116"},"modified":"2013-08-19T17:58:28","modified_gmt":"2013-08-19T15:58:28","slug":"open-day-salita-iella-pulizia-e-riqualifica-del-bene-confiscato-a-gaeta","status":"publish","type":"post","link":"https:\/\/www.radioluna.it\/news\/2013\/08\/open-day-salita-iella-pulizia-e-riqualifica-del-bene-confiscato-a-gaeta\/","title":{"rendered":"OPEN DAY SALITA IELLA<BR> Pulizia e riqualifica del bene confiscato a Gaeta"},"content":{"rendered":"<div id=\"fb-root\"><\/div>\n<p style=\"text-align: justify;\"><strong><a href=\"http:\/\/www.radioluna.it\/news\/wp-content\/uploads\/2013\/05\/gaeta_castello_aragonese.jpg\"><img loading=\"lazy\" decoding=\"async\" class=\"alignleft size-medium wp-image-136059\" alt=\"gaeta_castello_aragonese\" src=\"http:\/\/www.radioluna.it\/news\/wp-content\/uploads\/2013\/05\/gaeta_castello_aragonese-300x200.jpg\" width=\"300\" height=\"200\" srcset=\"https:\/\/www.radioluna.it\/news\/wp-content\/uploads\/2013\/05\/gaeta_castello_aragonese-300x200.jpg 300w, https:\/\/www.radioluna.it\/news\/wp-content\/uploads\/2013\/05\/gaeta_castello_aragonese.jpg 448w\" sizes=\"auto, (max-width: 300px) 100vw, 300px\" \/><\/a>GAETA &#8211;<\/strong> Marted\u00ec 20 Agosto prender\u00e0 il via una delle iniziative della campagna &#8220;IO RIUTILIZZO IL BENE CONFISCATO&#8221;, promossa dalla Cooperativa Sociale &#8220;PROGRAMMA 101&#8221; Onlus e dallo SPI CGIL Leghe di Castelforte-Formia-Gaeta-Minturno, in collaborazione con il Comune di Gaeta e sponsorizzata da UNIPOL Assicurazioni (agenzia di Gaeta &#8211; Gradone M.).<\/p>\n<p style=\"text-align: justify;\">&#8220;Ci occuperemo, assieme a tutti i cittadini e le associazioni che vorranno partecipare, della pulizia di uno dei 22 beni confiscati presenti in citt\u00e0, precisamente quello che si trova a\u00a0Salita Iella, in stato di totale abbandono ormai dal 1998, data della confisca definitiva alla famiglia Magliulo che nella nostra citt\u00e0 praticava usura. L&#8217;OpenDay Salita Iella sar\u00e0 attivo tutti i giorni dal 20 al 30 agosto in due turni giornalieri, dalle 8.00 alle 12.00 e dalle 16.00 alle 19.30. Questa iniziativa \u00e8 in linea con lo spirito Cooperativa a cui \u00e8 stato temporaneamente affidato il bene, che come recita l&#8217;art.3 dello Statuto &#8220;\u00e8 nata dall&#8217;esigenza di testimoniare, nel campo del volontariato, la solidariet\u00e0 personale e di gruppo a servizio delle categorie sociali pi\u00f9 deboli, si ispira ai principi della mutualit\u00e0, della democraticit\u00e0, dell&#8217;impegno e in rapporto ad essi agisce&#8221; e nell&#8217;oggetto sociale prevede la possibilit\u00e0 di &#8220;gestire a fini sociali beni ed imprese confiscati alle mafie e ad altre organizzazioni criminali&#8221;.<\/p>\n","protected":false},"excerpt":{"rendered":"<p>GAETA &#8211; Marted\u00ec 20 Agosto prender\u00e0 il via una delle iniziative della campagna &#8220;IO RIUTILIZZO IL BENE CONFISCATO&#8221;, promossa dalla Cooperativa Sociale &#8220;PROGRAMMA 101&#8221; Onlus e dallo SPI CGIL Leghe di Castelforte-Formia-Gaeta-Minturno, in collaborazione con il Comune di Gaeta e sponsorizzata da UNIPOL Assicurazioni (agenzia di Gaeta &#8211; Gradone M.). &#8220;Ci occuperemo, assieme a tutti [&hellip;]<\/p>\n","protected":false},"author":60,"featured_media":136059,"comment_status":"open","ping_status":"closed","sticky":false,"template":"","format":"standard","meta":{"footnotes":""},"categories":[16],"tags":[],"class_list":["post-140116","post","type-post","status-publish","format-standard","has-post-thumbnail","hentry","category-appuntamenti"],"_links":{"self":[{"href":"https:\/\/www.radioluna.it\/news\/wp-json\/wp\/v2\/posts\/140116","targetHints":{"allow":["GET"]}}],"collection":[{"href":"https:\/\/www.radioluna.it\/news\/wp-json\/wp\/v2\/posts"}],"about":[{"href":"https:\/\/www.radioluna.it\/news\/wp-json\/wp\/v2\/types\/post"}],"author":[{"embeddable":true,"href":"https:\/\/www.radioluna.it\/news\/wp-json\/wp\/v2\/users\/60"}],"replies":[{"embeddable":true,"href":"https:\/\/www.radioluna.it\/news\/wp-json\/wp\/v2\/comments?post=140116"}],"version-history":[{"count":0,"href":"https:\/\/www.radioluna.it\/news\/wp-json\/wp\/v2\/posts\/140116\/revisions"}],"wp:featuredmedia":[{"embeddable":true,"href":"https:\/\/www.radioluna.it\/news\/wp-json\/wp\/v2\/media\/136059"}],"wp:attachment":[{"href":"https:\/\/www.radioluna.it\/news\/wp-json\/wp\/v2\/media?parent=140116"}],"wp:term":[{"taxonomy":"category","embeddable":true,"href":"https:\/\/www.radioluna.it\/news\/wp-json\/wp\/v2\/categories?post=140116"},{"taxonomy":"post_tag","embeddable":true,"href":"https:\/\/www.radioluna.it\/news\/wp-json\/wp\/v2\/tags?post=140116"}],"curies":[{"name":"wp","href":"https:\/\/api.w.org\/{rel}","templated":true}]}}