{"id":140147,"date":"2013-08-20T16:27:38","date_gmt":"2013-08-20T14:27:38","guid":{"rendered":"http:\/\/www.radioluna.it\/news\/?p=140147"},"modified":"2013-08-20T16:27:38","modified_gmt":"2013-08-20T14:27:38","slug":"tagli-alla-giustizia-simeoni-scelta-scellerata","status":"publish","type":"post","link":"https:\/\/www.radioluna.it\/news\/2013\/08\/tagli-alla-giustizia-simeoni-scelta-scellerata\/","title":{"rendered":"TAGLI ALLA GIUSTIZIA<BR> Simeoni: &#8220;Scelta scellerata&#8221;"},"content":{"rendered":"<div id=\"fb-root\"><\/div>\n<div id=\"attachment_112621\" style=\"width: 310px\" class=\"wp-caption alignleft\"><a href=\"http:\/\/www.radioluna.it\/news\/wp-content\/uploads\/2011\/11\/tribunale-gaeta.jpg\"><img loading=\"lazy\" decoding=\"async\" aria-describedby=\"caption-attachment-112621\" class=\"size-medium wp-image-112621\" alt=\"La sede distaccata di Gaeta\" src=\"http:\/\/www.radioluna.it\/news\/wp-content\/uploads\/2011\/11\/tribunale-gaeta-300x179.jpg\" width=\"300\" height=\"179\" srcset=\"https:\/\/www.radioluna.it\/news\/wp-content\/uploads\/2011\/11\/tribunale-gaeta-300x179.jpg 300w, https:\/\/www.radioluna.it\/news\/wp-content\/uploads\/2011\/11\/tribunale-gaeta-500x299.jpg 500w, https:\/\/www.radioluna.it\/news\/wp-content\/uploads\/2011\/11\/tribunale-gaeta-450x270.jpg 450w, https:\/\/www.radioluna.it\/news\/wp-content\/uploads\/2011\/11\/tribunale-gaeta.jpg 512w\" sizes=\"auto, (max-width: 300px) 100vw, 300px\" \/><\/a><p id=\"caption-attachment-112621\" class=\"wp-caption-text\">La sede distaccata di Gaeta<\/p><\/div>\n<p style=\"text-align: justify;\"><strong>LATINA &#8211;\u00a0<\/strong>Il consigliere regionale del Pdl, Giuseppe Simeone, contesta la decisione del Governo di chiudere le sedi dei Tribunali del sud pontino. I tagli lineari non portano risparmi sul piano economico ma solo una scure sui servizi. In consiglio regionale verr\u00e0 presentata una mozione<br \/>\n\u00abSi sbandierano termini come risparmio ed efficienza e si ottiene per la giustizia pontina solo caos e la complicazione di situazioni gi\u00e0 al limite del collasso\u00bb.<br \/>\nCon queste parole il consigliere regionale del Pdl, Giuseppe Simeone, interviene in merito alla decisione del Governo di sopprimere le sedi distaccate del tribunale di Gaeta e Terracina. Il decreto del ministero ordina la chiusura immediata della sede del sud pontino. Questo significa che i nuovi processi saranno dirottati su Cassino. Terracina invece rester\u00e0 in vita, per altri due anni, per smaltire i seimila fascicoli arretrati locali e i settemila di Gaeta. I nuovi processi di Terracina saranno veicolati su Latina. Oltre alla chiusura delle sedi staccate \u00e8 stato anche deciso un riequilibrio al ribasso della pianta organica del tribunale di Latina che vedr\u00e0 passare i giudici da 42 a 39 e i sostituti in Procura da 11 a 10.<br \/>\n\u00abAncora una volta si procede con i tagli lineari. Una politica che non porta alla riduzione dei costi ma a quella dei servizi. Il tutto a fronte dell\u2019esigenza, non pi\u00f9 prorogabile, di una vera riforma della giustizia che sia in grado di dare risposte ai cittadini oggi alle prese con una burocrazia contorta e lungaggini legate all\u2019eccessivo carico di lavoro a cui corrisponde un sottodimensionamento del personale impiegato. Il tribunale di Latina in vista di questo provvedimento sar\u00e0 gravato da un ulteriore carico di lavoro che non \u00e8 in grado di assicurare. Si lascerebbe inoltre completamente scoperta l\u2019area del sud pontino. L\u2019amministrazione della giustizia \u00e8 un servizio alla collettivit\u00e0. Ci batteremo, come accaduto in passato, perch\u00e9 come tale sia organizzato mettendo al centro i bisogni della comunit\u00e0, non allontanarsi da essi. Di fatto con la soppressione di Gaeta e Terracina si stanno chiudendo i presidi di democrazia e della legalit\u00e0 producendo nuovi costi a carico dei cittadini.<br \/>\nSi continua a parlare di risparmi e non si pensa al fatto che in questo modo si arriver\u00e0 ad una definitiva paralisi del sistema giustizia. Pensiamo ad un cittadino che deve vedere riconosciuti i propri diritti magari in una causa di lavoro, a chi deve semplicemente sbrigare delle pratiche e che deve attendere decenni per vedere riconosciuto un proprio diritto. Tra l\u2019altro l\u2019inefficienza della giustizia non fa che aumentare la percezione di mancanza di tutela e di sicurezza da parte dei cittadini.<br \/>\nPresenter\u00f2 una mozione in consiglio regionale per deliberare una presa di posizione netta contro questa decisione del Governo che lede i diritti dei cittadini e mi far\u00f2 promotore del massimo coinvolgimento di tutti i rappresentanti del territorio che gi\u00e0 si sono battuti per evitare la chiusura dei tribunali. Insieme possiamo fare la differenza. Dobbiamo batterci per una riforma seria del settore che non pu\u00f2 ridursi alla cancellazione dei tribunali, perch\u00e8 solo una giustizia efficiente \u00e8 garante di una ripresa economica e civile del nostro territorio\u00bb.<\/p>\n","protected":false},"excerpt":{"rendered":"<p>LATINA &#8211;\u00a0Il consigliere regionale del Pdl, Giuseppe Simeone, contesta la decisione del Governo di chiudere le sedi dei Tribunali del sud pontino. I tagli lineari non portano risparmi sul piano economico ma solo una scure sui servizi. In consiglio regionale verr\u00e0 presentata una mozione \u00abSi sbandierano termini come risparmio ed efficienza e si ottiene per [&hellip;]<\/p>\n","protected":false},"author":60,"featured_media":112621,"comment_status":"open","ping_status":"closed","sticky":false,"template":"","format":"standard","meta":{"footnotes":""},"categories":[8],"tags":[],"class_list":["post-140147","post","type-post","status-publish","format-standard","has-post-thumbnail","hentry","category-politica"],"_links":{"self":[{"href":"https:\/\/www.radioluna.it\/news\/wp-json\/wp\/v2\/posts\/140147","targetHints":{"allow":["GET"]}}],"collection":[{"href":"https:\/\/www.radioluna.it\/news\/wp-json\/wp\/v2\/posts"}],"about":[{"href":"https:\/\/www.radioluna.it\/news\/wp-json\/wp\/v2\/types\/post"}],"author":[{"embeddable":true,"href":"https:\/\/www.radioluna.it\/news\/wp-json\/wp\/v2\/users\/60"}],"replies":[{"embeddable":true,"href":"https:\/\/www.radioluna.it\/news\/wp-json\/wp\/v2\/comments?post=140147"}],"version-history":[{"count":0,"href":"https:\/\/www.radioluna.it\/news\/wp-json\/wp\/v2\/posts\/140147\/revisions"}],"wp:featuredmedia":[{"embeddable":true,"href":"https:\/\/www.radioluna.it\/news\/wp-json\/wp\/v2\/media\/112621"}],"wp:attachment":[{"href":"https:\/\/www.radioluna.it\/news\/wp-json\/wp\/v2\/media?parent=140147"}],"wp:term":[{"taxonomy":"category","embeddable":true,"href":"https:\/\/www.radioluna.it\/news\/wp-json\/wp\/v2\/categories?post=140147"},{"taxonomy":"post_tag","embeddable":true,"href":"https:\/\/www.radioluna.it\/news\/wp-json\/wp\/v2\/tags?post=140147"}],"curies":[{"name":"wp","href":"https:\/\/api.w.org\/{rel}","templated":true}]}}