{"id":140201,"date":"2013-08-22T16:14:15","date_gmt":"2013-08-22T14:14:15","guid":{"rendered":"http:\/\/www.radioluna.it\/news\/?p=140201"},"modified":"2013-08-22T16:14:15","modified_gmt":"2013-08-22T14:14:15","slug":"programmazione-scolastica-zuliani-rivoluzione-in-corso","status":"publish","type":"post","link":"https:\/\/www.radioluna.it\/news\/2013\/08\/programmazione-scolastica-zuliani-rivoluzione-in-corso\/","title":{"rendered":"PROGRAMMAZIONE SCOLASTICA<BR> Zuliani: &#8220;Rivoluzione in corso&#8221;"},"content":{"rendered":"<div id=\"fb-root\"><\/div>\n<p style=\"text-align: justify;\"><strong><a href=\"http:\/\/www.radioluna.it\/news\/wp-content\/uploads\/2013\/02\/zuliani.jpg\"><img loading=\"lazy\" decoding=\"async\" class=\"alignleft size-medium wp-image-131273\" alt=\"zuliani\" src=\"http:\/\/www.radioluna.it\/news\/wp-content\/uploads\/2013\/02\/zuliani-300x287.jpg\" width=\"300\" height=\"287\" \/><\/a>LATINA &#8211; \u00a0<\/strong>&#8220;Nelle linee di indirizzo per la programmazione della rete scolastica regionale della giunta Zingaretti c\u2019\u00e8 una vera e propria rivoluzione di metodo: si vuole promuovere la sinergica azione partecipata tra attori coinvolti. Una forte sollecitazione di democrazia dal basso che ha una forte consonanza con le politiche da noi proposte\u00bb. La consigliera comunale del Partito democratico Nicoletta Zuliani commenta cos\u00ec il documento di programmazione scolastica della giunta Zingaretti, profondamente diverso nell\u2019approccio da quello della giunta precedente.<br \/>\nIl dimensionamento per questo anno scolastico 2013-2014 non sar\u00e0 modificato, considerati i tempi ristretti dall\u2019insediamento della giunta del presidente Zingaretti, ma gi\u00e0 nella premessa del documento di capisce come sia arrivato il momento di una \u201cnuova fase\u201d.<br \/>\n\u00ab\u00c8 molto interessante \u2013 sostiene la Zuliani \u2013 perch\u00e9 la qualit\u00e0 del sistema scuola deve tenere conto degli input anche dei suoi protagonisti: studenti e famiglie, che non erano assolutamente contemplati nelle linee di indirizzo precedenti\u00bb.<br \/>\nLa giunta Polverini aveva istituito come massimo organismo di partecipazione una conferenza regionale per l\u2019istruzione composta da politici e rappresentanti dei sindacati.<br \/>\n\u00abMa famiglie e studenti sono gli unici attori capaci di fare pressione tale da modificare accorpamenti e soppressioni \u2013 afferma la consigliera del Partito democratico \u2013 come \u00e8 successo a Latina per il settimo circolo la cui chiusura \u00e8 stata scongiurata grazie alle forte pressione delle famiglie. La conferenza regionale non ha in s\u00e9 i veri semi di una partecipazione democratica dal basso\u00bb.<br \/>\nNel documento della giunta Zingaretti, invece, si legge chiaramente la volont\u00e0 di \u201cavviare una nuova fase preliminare del processo di programmazione, fase condivisa da tutti i soggetti attivi della stessa (Regione, Enti Locali, Ufficio scolastico regionale per il Lazio, istituzioni scolastiche, organizzazioni sindacali del comparto scuola, associazioni dei dirigenti scolastici, comitati di studenti e famiglie) predisponendo e potenziando gli opportuni canali di condivisione, dibattito e di proposta\u201d.<br \/>\nGli enti territoriali dovranno tener conto di parti sociali, studenti e famiglie.<br \/>\n\u00abL\u2019assessorato all\u2019istruzione del Comune di Latina \u00e8 pronto a questa nuova e rivoluzionaria fase di partecipazione? \u2013 si chiede la consigliera Zuliani \u2013 \u00c8 preparato a recepire una rete di consultazione idonea a conferire il peso politico necessario per andare in conferenza?\u00bb.<br \/>\nDomande retoriche, perch\u00e9 \u00e8 chiaro da tempo, viste anche le politiche pasticciate messe in campo lo scorso anno, che non c\u2019\u00e8 a Latina una rete organizzata di questo tipo.<br \/>\n\u00abUn intervento del genere sarebbe stato gi\u00e0 fatto \u2013 ricorda la Zuliani &#8211; se si fosse dato seguito all\u2019ordine del giorno approvato all\u2019unanimit\u00e0 del consiglio comunale per consulta della scuola. Non \u00e8 stato seguito l\u2019indirizzo unanime dell\u2019assemblea e adesso l\u2019assessore dovr\u00e0 organizzare qualcosa di fretta: i tempi sono strettissimi da settembre si comincer\u00e0 a dare il proprio contributo per il dimensionamento scolastico dell\u2019anno 2014-15\u00bb.<br \/>\nLa programmazione prevede anche una \u201cgovernance condivisa che sappia coniugare i contributi delle parti sociali, il coinvolgimento degli attori del sistema locale, il successo scolastico e formativo degli studenti\u201d per avviare la costruzione di \u201cun sistema integrato e unitario di istruzione e di istruzione e formazione, nonch\u00e9 di formazione tecnica superiore\u201d.<br \/>\n\u00abPer evitare \u2013 specifica la consigliera \u2013 che questa istruzione regionale sia asservita ai bisogni degli enti formativi pi\u00f9 che a quelli del territori. I cittadini potranno avanzare proposte \u2013 conclude la consigliera Pd Nicoletta Zuliani &#8211; una strada che render\u00e0 migliori le scelte politiche in base a un iter democratico che dovrebbe garantire la partecipazione ma che ora \u00e8 governato dai politici, che non agiscono in base a un vero e proprio studio ma a pressioni di gruppi che hanno interessi particolari\u00bb<\/p>\n<p>&nbsp;<\/p>\n","protected":false},"excerpt":{"rendered":"<p>LATINA &#8211; \u00a0&#8220;Nelle linee di indirizzo per la programmazione della rete scolastica regionale della giunta Zingaretti c\u2019\u00e8 una vera e propria rivoluzione di metodo: si vuole promuovere la sinergica azione partecipata tra attori coinvolti. Una forte sollecitazione di democrazia dal basso che ha una forte consonanza con le politiche da noi proposte\u00bb. La consigliera comunale [&hellip;]<\/p>\n","protected":false},"author":60,"featured_media":0,"comment_status":"open","ping_status":"closed","sticky":false,"template":"","format":"standard","meta":{"footnotes":""},"categories":[8],"tags":[],"class_list":["post-140201","post","type-post","status-publish","format-standard","hentry","category-politica"],"_links":{"self":[{"href":"https:\/\/www.radioluna.it\/news\/wp-json\/wp\/v2\/posts\/140201","targetHints":{"allow":["GET"]}}],"collection":[{"href":"https:\/\/www.radioluna.it\/news\/wp-json\/wp\/v2\/posts"}],"about":[{"href":"https:\/\/www.radioluna.it\/news\/wp-json\/wp\/v2\/types\/post"}],"author":[{"embeddable":true,"href":"https:\/\/www.radioluna.it\/news\/wp-json\/wp\/v2\/users\/60"}],"replies":[{"embeddable":true,"href":"https:\/\/www.radioluna.it\/news\/wp-json\/wp\/v2\/comments?post=140201"}],"version-history":[{"count":0,"href":"https:\/\/www.radioluna.it\/news\/wp-json\/wp\/v2\/posts\/140201\/revisions"}],"wp:attachment":[{"href":"https:\/\/www.radioluna.it\/news\/wp-json\/wp\/v2\/media?parent=140201"}],"wp:term":[{"taxonomy":"category","embeddable":true,"href":"https:\/\/www.radioluna.it\/news\/wp-json\/wp\/v2\/categories?post=140201"},{"taxonomy":"post_tag","embeddable":true,"href":"https:\/\/www.radioluna.it\/news\/wp-json\/wp\/v2\/tags?post=140201"}],"curies":[{"name":"wp","href":"https:\/\/api.w.org\/{rel}","templated":true}]}}