{"id":140203,"date":"2013-08-22T16:32:11","date_gmt":"2013-08-22T14:32:11","guid":{"rendered":"http:\/\/www.radioluna.it\/news\/?p=140203"},"modified":"2013-08-22T16:32:11","modified_gmt":"2013-08-22T14:32:11","slug":"bollette-tia-rischio-buco-economico-pd-chiede-verifica","status":"publish","type":"post","link":"https:\/\/www.radioluna.it\/news\/2013\/08\/bollette-tia-rischio-buco-economico-pd-chiede-verifica\/","title":{"rendered":"BOLLETTE TIA<BR> Rischio &#8220;buco&#8221; economico<br> Pd chiede verifica"},"content":{"rendered":"<div id=\"fb-root\"><\/div>\n<div id=\"attachment_106200\" style=\"width: 310px\" class=\"wp-caption alignleft\"><a href=\"http:\/\/www.radioluna.it\/news\/wp-content\/uploads\/2011\/06\/de-marchis.jpg\"><img loading=\"lazy\" decoding=\"async\" aria-describedby=\"caption-attachment-106200\" class=\"size-medium wp-image-106200\" alt=\"Giorgio De Marchis\" src=\"http:\/\/www.radioluna.it\/news\/wp-content\/uploads\/2011\/06\/de-marchis-300x225.jpg\" width=\"300\" height=\"225\" srcset=\"https:\/\/www.radioluna.it\/news\/wp-content\/uploads\/2011\/06\/de-marchis-300x225.jpg 300w, https:\/\/www.radioluna.it\/news\/wp-content\/uploads\/2011\/06\/de-marchis.jpg 500w\" sizes=\"auto, (max-width: 300px) 100vw, 300px\" \/><\/a><p id=\"caption-attachment-106200\" class=\"wp-caption-text\">Giorgio De Marchis<\/p><\/div>\n<p style=\"text-align: justify;\"><strong>LATINA &#8211;<\/strong> \u00c8 stata furibonda in questi mesi la polemica tra la maggioranza del Comune di Latina, o meglio da una parte della maggioranza, e il socio privato della Latina ambiente in merito alla percentuale degli incassi sulle fatture emesse per la Tia dal 2006 al 2009 e all\u2019attivit\u00e0 di accertamento che la societ\u00e0 partecipata per il comune di Latina ha svolto per le stese annualit\u00e0.<\/p>\n<p style=\"text-align: justify;\">\u00ab\u00c8 emerso un dato che molti definiscono preoccupante &#8211; afferma il capogruppo del Partito democratico Giorgio De Marchis &#8211; dovuto a una percentuale non incassata molto elevata che non si sarebbe ridotta a seguito dell\u2019attivit\u00e0 di accertamento. Questo avrebbe determinato in larga misura il famoso buco di bilancio di 18 milioni di euro.<\/p>\n<p style=\"text-align: justify;\">Tuttavia nessuno fino a oggi ha comunicato al consiglio comunale i dati relativi alla gestione delle entrate Tia dal momento della ripresa in carico da parte del Comune, ovvero per la gestione dell\u2019annualit\u00e0 2010\u00bb.<\/p>\n<p style=\"text-align: justify;\">Una mancanza non da poco visto che come \u00e8 noto eventuali conguagli negativi della Tia dovranno essere saldati dagli utenti nei Piani economici finanziari (Pef) degli anni successivi.<\/p>\n<p style=\"text-align: justify;\">\u00abLe indiscrezioni che ci giungono da nostre richieste preso gli uffici comunali \u2013 sostiene il capogruppo &#8211; lasciano chiaramente intendere che la percentuale di incassato per il 2010 si aggirerebbe tra il 60 e il 70%, in linea quindi con quanto succedeva con la Latina ambiente negli anni precedenti.<\/p>\n<p style=\"text-align: justify;\">A fronte di questo l\u2019attivit\u00e0 di accertamento, che ha fatto emergere diverse situazioni, non ha, anche in questa circostanza, consentito il recupero sulle mancate entrate.<\/p>\n<p style=\"text-align: justify;\">Il problema centrale non risiede tanto nell\u2019attivit\u00e0 di fatturazione e di accertamento, dunque, quanto nella esosit\u00e0 della Tia imposta dal Comune di Latina, che \u00e8 una delle dieci pi\u00f9 alte in Italia che non riesce a essere pagata dai cittadini generando un buco abnorme\u00bb.<\/p>\n<p style=\"text-align: justify;\">Come ha dichiarato il dirigente del settore ambiente in una commissione bilancio a fine luglio, il Pef di questo anno si aggira intorno a 24 milioni di euro, il pi\u00f9 alto da quando \u00e8 stata introdotta la Tia, al quale andranno aggiunti i trenta centesimi per metro quadro previsti dalla Tares.<\/p>\n<p style=\"text-align: justify;\">\u00abUna vera e propria stangata senza precedenti nei confronti dei cittadini \u2013 conclude il capogruppo Giorgio De Marchis -. Queste situazioni ci preoccupano e chiediamo all\u2019amministrazione la stessa chiarezza e la stessa trasparenza che la maggioranza ha \u201cpreteso\u201d dalla Latina ambiente. Chiederemo che in commissione bilancio e in consiglio comunale che l\u2019assessore relazioni ufficialmente sulla percentuale di incassato sulla fatturazione 2010 e sull\u2019andamento degli incassi sulla fatturazione 2011 attualmente in corso. Abbiamo il fondato sospetto che tra qualche anno proseguendo in questa direzione, il buco che si generer\u00e0 sulle casse di Latina sar\u00e0 ancora pi\u00f9 profondo di quello generato nel bilancio della Latina ambiente\u00bb.<\/p>\n<p>&nbsp;<\/p>\n","protected":false},"excerpt":{"rendered":"<p>LATINA &#8211; \u00c8 stata furibonda in questi mesi la polemica tra la maggioranza del Comune di Latina, o meglio da una parte della maggioranza, e il socio privato della Latina ambiente in merito alla percentuale degli incassi sulle fatture emesse per la Tia dal 2006 al 2009 e all\u2019attivit\u00e0 di accertamento che la societ\u00e0 partecipata [&hellip;]<\/p>\n","protected":false},"author":60,"featured_media":106200,"comment_status":"open","ping_status":"closed","sticky":false,"template":"","format":"standard","meta":{"footnotes":""},"categories":[8],"tags":[],"class_list":["post-140203","post","type-post","status-publish","format-standard","has-post-thumbnail","hentry","category-politica"],"_links":{"self":[{"href":"https:\/\/www.radioluna.it\/news\/wp-json\/wp\/v2\/posts\/140203","targetHints":{"allow":["GET"]}}],"collection":[{"href":"https:\/\/www.radioluna.it\/news\/wp-json\/wp\/v2\/posts"}],"about":[{"href":"https:\/\/www.radioluna.it\/news\/wp-json\/wp\/v2\/types\/post"}],"author":[{"embeddable":true,"href":"https:\/\/www.radioluna.it\/news\/wp-json\/wp\/v2\/users\/60"}],"replies":[{"embeddable":true,"href":"https:\/\/www.radioluna.it\/news\/wp-json\/wp\/v2\/comments?post=140203"}],"version-history":[{"count":0,"href":"https:\/\/www.radioluna.it\/news\/wp-json\/wp\/v2\/posts\/140203\/revisions"}],"wp:featuredmedia":[{"embeddable":true,"href":"https:\/\/www.radioluna.it\/news\/wp-json\/wp\/v2\/media\/106200"}],"wp:attachment":[{"href":"https:\/\/www.radioluna.it\/news\/wp-json\/wp\/v2\/media?parent=140203"}],"wp:term":[{"taxonomy":"category","embeddable":true,"href":"https:\/\/www.radioluna.it\/news\/wp-json\/wp\/v2\/categories?post=140203"},{"taxonomy":"post_tag","embeddable":true,"href":"https:\/\/www.radioluna.it\/news\/wp-json\/wp\/v2\/tags?post=140203"}],"curies":[{"name":"wp","href":"https:\/\/api.w.org\/{rel}","templated":true}]}}