{"id":140276,"date":"2013-08-24T16:15:52","date_gmt":"2013-08-24T14:15:52","guid":{"rendered":"http:\/\/www.radioluna.it\/news\/?p=140276"},"modified":"2013-08-24T16:15:52","modified_gmt":"2013-08-24T14:15:52","slug":"tia-botta-e-risposta-tra-maietta-e-de-marchis","status":"publish","type":"post","link":"https:\/\/www.radioluna.it\/news\/2013\/08\/tia-botta-e-risposta-tra-maietta-e-de-marchis\/","title":{"rendered":"TIA<BR> Botta e risposta tra Maietta e De Marchis"},"content":{"rendered":"<div id=\"fb-root\"><\/div>\n<div id=\"attachment_106200\" style=\"width: 310px\" class=\"wp-caption alignleft\"><a href=\"http:\/\/www.radioluna.it\/news\/wp-content\/uploads\/2011\/06\/de-marchis.jpg\"><img loading=\"lazy\" decoding=\"async\" aria-describedby=\"caption-attachment-106200\" class=\"size-medium wp-image-106200\" alt=\"Giorgio De Marchis\" src=\"http:\/\/www.radioluna.it\/news\/wp-content\/uploads\/2011\/06\/de-marchis-300x225.jpg\" width=\"300\" height=\"225\" srcset=\"https:\/\/www.radioluna.it\/news\/wp-content\/uploads\/2011\/06\/de-marchis-300x225.jpg 300w, https:\/\/www.radioluna.it\/news\/wp-content\/uploads\/2011\/06\/de-marchis.jpg 500w\" sizes=\"auto, (max-width: 300px) 100vw, 300px\" \/><\/a><p id=\"caption-attachment-106200\" class=\"wp-caption-text\">Giorgio De Marchis<\/p><\/div>\n<p style=\"text-align: justify;\"><strong>LATINA &#8211;<\/strong> \u00abL\u2019onorevole Maietta per difendere il suo operato e quello del suo assessorato usa, a proposito dei mancati introiti sulla Tia, le stesse argomentazioni usate in questi mesi dal socio privato della Latina ambiente e duramente contestate dalla maggioranza di cui Maietta fa parte\u00bb. Cos\u00ec il capogruppo del Partito democratico Giorgio De Marchis che continua: \u00abMaietta nell\u2019ammettere candidamente che \u201cla responsabilit\u00e0 dei mancai introiti \u00e8 dei cittadini che non pagano\u201d dimostra di non essersi reso conto della ridotta capacit\u00e0 di spesa delle famiglie e dell\u2019eccessivo costo della Tia a Latina\u00bb.<\/p>\n<p style=\"text-align: justify;\">In effetti se la percentuale di incasso registrata dal Comune \u00e8 leggermente superiore quella fatta registrare da Latina ambiente \u00e8 solo perch\u00e9 nel 2010 non \u00e8 stata applicata l\u2019iva e le fatture sono risultate pi\u00f9 basse rispetto a quelle degli anni precedenti.<\/p>\n<p style=\"text-align: justify;\">\u00abQuesto dovrebbe far riflettere a fondo Maietta e i suoi colleghi di maggioranza \u2013 aggiunge De Marchis &#8211; sul fatto che ancora oggi sono troppi i milioni di euro non incassati e molto probabilmente il buco che si creer\u00e0 nelle casse comunali tra qualche anno sar\u00f2 di uguale entit\u00e0 a quello che si \u00e8 creato nelle casse della Latina ambiente.<\/p>\n<p style=\"text-align: justify;\">Siamo preoccupati per il fatto che il Comune di Latina abbia intenzione di accrescere il costo del Piano economico finanziario (Pef), perch\u00e9 tutto questo avrebbe effetti devastanti sulla cittadinanza visto che determinerebbe l\u2019esplosione della tares che deve essere pagata nei prossimi mesi<\/p>\n<p style=\"text-align: justify;\">La sfida che lanciamo alla maggioranza, quindi, non \u00e8 quella di continuare nel braccio di ferro con il socio privato, considerato che i cittadini non guadagnerebbero nulla da questo atteggiamento, ma quella di ridurre i costi del Pef che rappresenta l\u2019unico metodo certo per ridurre le bollette della tia\u00bb.<\/p>\n<p style=\"text-align: justify;\">Il capogruppo ricorda anche che \u00abuna serie di scelte sbagliate, come quella del riassetto dei cassonetti, peseranno sulle tasche dei cittadini per circa 600mila euro senza che sia realizzato il miglioramento della qualit\u00e0 del servizio della raccolta dei rifiuti.<\/p>\n<p style=\"text-align: justify;\">Chiederemo quindi alla maggioranza e all\u2019assessorato \u2013 conclude Giorgio De Marchis &#8211; di superare la fase delle dichiarazioni di circostanza uscendo finalmente dal letargo nel quale sono finiti per discutere nel pi\u00f9 breve tempo possibile il Pef e parlare di numeri reali, compresa la percentuale del 78%, dichiarata alla stampa ma non sostenuta da alcun tipo di atto amministrativo\u00bb.<\/p>\n<p>&nbsp;<\/p>\n","protected":false},"excerpt":{"rendered":"<p>LATINA &#8211; \u00abL\u2019onorevole Maietta per difendere il suo operato e quello del suo assessorato usa, a proposito dei mancati introiti sulla Tia, le stesse argomentazioni usate in questi mesi dal socio privato della Latina ambiente e duramente contestate dalla maggioranza di cui Maietta fa parte\u00bb. Cos\u00ec il capogruppo del Partito democratico Giorgio De Marchis che [&hellip;]<\/p>\n","protected":false},"author":60,"featured_media":106200,"comment_status":"open","ping_status":"closed","sticky":false,"template":"","format":"standard","meta":{"footnotes":""},"categories":[8],"tags":[],"class_list":["post-140276","post","type-post","status-publish","format-standard","has-post-thumbnail","hentry","category-politica"],"_links":{"self":[{"href":"https:\/\/www.radioluna.it\/news\/wp-json\/wp\/v2\/posts\/140276","targetHints":{"allow":["GET"]}}],"collection":[{"href":"https:\/\/www.radioluna.it\/news\/wp-json\/wp\/v2\/posts"}],"about":[{"href":"https:\/\/www.radioluna.it\/news\/wp-json\/wp\/v2\/types\/post"}],"author":[{"embeddable":true,"href":"https:\/\/www.radioluna.it\/news\/wp-json\/wp\/v2\/users\/60"}],"replies":[{"embeddable":true,"href":"https:\/\/www.radioluna.it\/news\/wp-json\/wp\/v2\/comments?post=140276"}],"version-history":[{"count":0,"href":"https:\/\/www.radioluna.it\/news\/wp-json\/wp\/v2\/posts\/140276\/revisions"}],"wp:featuredmedia":[{"embeddable":true,"href":"https:\/\/www.radioluna.it\/news\/wp-json\/wp\/v2\/media\/106200"}],"wp:attachment":[{"href":"https:\/\/www.radioluna.it\/news\/wp-json\/wp\/v2\/media?parent=140276"}],"wp:term":[{"taxonomy":"category","embeddable":true,"href":"https:\/\/www.radioluna.it\/news\/wp-json\/wp\/v2\/categories?post=140276"},{"taxonomy":"post_tag","embeddable":true,"href":"https:\/\/www.radioluna.it\/news\/wp-json\/wp\/v2\/tags?post=140276"}],"curies":[{"name":"wp","href":"https:\/\/api.w.org\/{rel}","templated":true}]}}