{"id":140355,"date":"2013-08-27T16:44:09","date_gmt":"2013-08-27T14:44:09","guid":{"rendered":"http:\/\/www.radioluna.it\/news\/?p=140355"},"modified":"2013-08-27T16:44:09","modified_gmt":"2013-08-27T14:44:09","slug":"confartigianato-concluso-il-meeting-di-rimini","status":"publish","type":"post","link":"https:\/\/www.radioluna.it\/news\/2013\/08\/confartigianato-concluso-il-meeting-di-rimini\/","title":{"rendered":"CONFARTIGIANATO<BR> Concluso il meeting di Rimini"},"content":{"rendered":"<div id=\"fb-root\"><\/div>\n<p style=\"text-align: justify;\"><strong><a href=\"http:\/\/www.radioluna.it\/news\/wp-content\/uploads\/2010\/10\/confartigianato.gif\"><img loading=\"lazy\" decoding=\"async\" class=\"alignleft size-medium wp-image-24095\" alt=\"confartigianato\" src=\"http:\/\/www.radioluna.it\/news\/wp-content\/uploads\/2010\/10\/confartigianato-300x150.gif\" width=\"300\" height=\"150\" \/><\/a>LATINA &#8211;<\/strong> Si \u00e8 concluso, dopo una settimana intensa di incontri e dibattiti, il meeting internazionale di Rimini; momento di incontro reale tra esperienze professionali ma soprattutto umane.<br \/>\nMolte le tematiche e gli amici incontrati: dalla cooperazione alla formazione, dalle esigenze di sviluppo della nostra realt\u00e0 economica ai servizi per la persona, dal problema di come creare occupazione per i nostri ragazzi all\u2019accesso al credito. Tutti problemi ma con un unico denominatore: riscoprire il Valore della persona in quanto tale. Rompere gli schemi precostituiti ed affrontare questa crisi con una marcia in pi\u00f9.<br \/>\nMa cosa, concretamente, ci ha dato il meeting ?<br \/>\nQuali le prospettive per il nostro territorio ?<br \/>\nCertamente la consapevolezza di dover affrontare il quotidiano con uno sguardo differente, con un atteggiamento nuovo e propositivo. Fare rete con le altre organizzazioni d\u2019impresa e cercare un dialogo propositivo con le Istituzioni. E\u2019 un metodo che deve essere reimpostato per uscire da questa profonda crisi. La politica non deve n\u00e9 pu\u00f2 essere auto referenziata ma deve essere in simbiosi con le reali esigenze della gente, con i corpi sociali intermedi.<br \/>\nPolitica non \u00e8 solamente la gestione della cosa pubblica ma anche l\u2019affrontare i problemi reali dei nostri anziani, delle scuole con i problemi degli insegnanti e degli studenti, il problema che le nostre piccole imprese familiari hanno quotidianamente dovendo affrontare un burocrazia che li impantana o il dover affrontare l\u2019accesso al credito. Il messaggio di papa Francesco ci ha accompagnato lungo tutto il meeting, come giudizio sulla situazione drammatica dell\u2019uomo contemporaneo, indicandoci la strada per un nuovo impegno : \u201cRestituire l\u2019uomo a se stesso, alla sua altissima dignit\u00e0, all\u2019unicit\u00e0 e preziosit\u00e0 di ogni esistenza umana\u2026\u2026\u201d ed \u00e8 su questa linea che dobbiamo anche noi aprire un confronto per dare un senso nuovo all\u2019impegno nel territorio pontino.<br \/>\nIl meeting, con i suoi 800 mila presenze, al di l\u00e0 degli incontri aziendali e di impresa, \u00e8 stata una opportunit\u00e0 per andare \u00abincontro a tutti, senza aspettare che siano gli altri a cercarci!\u00bb. Ora bisogna solo rimboccarci le maniche e correre per le nostre aziende, per i nostri artigiani, per i nostri pensionati, per la nostra comunit\u00e0 ma correre sapendo bene dove andare !<\/p>\n<div class=\"radio-posizionamento-telefono-in-articoli-dopo-il-contenuto-articolo radio-entity-placement\" id=\"radio-1757859917\"><div id=\"radio-4210049364\"><a href=\"https:\/\/www.simeoneceramiche.com\/\" aria-label=\"SIMEONE CERAMICHE GIF animata per radioluna_Tavola disegno 1 copia 2 (online-video-cutter.com)\"><img loading=\"lazy\" decoding=\"async\" src=\"https:\/\/www.radioluna.it\/news\/wp-content\/uploads\/2025\/05\/SIMEONE-CERAMICHE-GIF-animata-per-radioluna_Tavola-disegno-1-copia-2-online-video-cutter.com_.gif\" alt=\"\"  width=\"300\" height=\"250\"   \/><\/a><\/div><\/div>","protected":false},"excerpt":{"rendered":"<p>LATINA &#8211; Si \u00e8 concluso, dopo una settimana intensa di incontri e dibattiti, il meeting internazionale di Rimini; momento di incontro reale tra esperienze professionali ma soprattutto umane. Molte le tematiche e gli amici incontrati: dalla cooperazione alla formazione, dalle esigenze di sviluppo della nostra realt\u00e0 economica ai servizi per la persona, dal problema di [&hellip;]<\/p>\n","protected":false},"author":60,"featured_media":24095,"comment_status":"open","ping_status":"closed","sticky":false,"template":"","format":"standard","meta":{"footnotes":""},"categories":[11],"tags":[],"class_list":["post-140355","post","type-post","status-publish","format-standard","has-post-thumbnail","hentry","category-economia"],"_links":{"self":[{"href":"https:\/\/www.radioluna.it\/news\/wp-json\/wp\/v2\/posts\/140355","targetHints":{"allow":["GET"]}}],"collection":[{"href":"https:\/\/www.radioluna.it\/news\/wp-json\/wp\/v2\/posts"}],"about":[{"href":"https:\/\/www.radioluna.it\/news\/wp-json\/wp\/v2\/types\/post"}],"author":[{"embeddable":true,"href":"https:\/\/www.radioluna.it\/news\/wp-json\/wp\/v2\/users\/60"}],"replies":[{"embeddable":true,"href":"https:\/\/www.radioluna.it\/news\/wp-json\/wp\/v2\/comments?post=140355"}],"version-history":[{"count":0,"href":"https:\/\/www.radioluna.it\/news\/wp-json\/wp\/v2\/posts\/140355\/revisions"}],"wp:featuredmedia":[{"embeddable":true,"href":"https:\/\/www.radioluna.it\/news\/wp-json\/wp\/v2\/media\/24095"}],"wp:attachment":[{"href":"https:\/\/www.radioluna.it\/news\/wp-json\/wp\/v2\/media?parent=140355"}],"wp:term":[{"taxonomy":"category","embeddable":true,"href":"https:\/\/www.radioluna.it\/news\/wp-json\/wp\/v2\/categories?post=140355"},{"taxonomy":"post_tag","embeddable":true,"href":"https:\/\/www.radioluna.it\/news\/wp-json\/wp\/v2\/tags?post=140355"}],"curies":[{"name":"wp","href":"https:\/\/api.w.org\/{rel}","templated":true}]}}