{"id":140406,"date":"2013-08-29T09:13:16","date_gmt":"2013-08-29T07:13:16","guid":{"rendered":"http:\/\/www.radioluna.it\/news\/?p=140406"},"modified":"2013-08-29T09:13:52","modified_gmt":"2013-08-29T07:13:52","slug":"malata-di-elefantiasi-task-force-per-il-ricovero-al-goretti","status":"publish","type":"post","link":"https:\/\/www.radioluna.it\/news\/2013\/08\/malata-di-elefantiasi-task-force-per-il-ricovero-al-goretti\/","title":{"rendered":"MALATA DI ELEFANTIASI<BR> Task force per il ricovero al Goretti"},"content":{"rendered":"<div id=\"fb-root\"><\/div>\n<div id=\"attachment_107238\" style=\"width: 310px\" class=\"wp-caption alignleft\"><a href=\"http:\/\/www.radioluna.it\/news\/wp-content\/uploads\/2011\/07\/Ospedale_Santa_Maria_Goretti_di_Latina.jpeg\"><img loading=\"lazy\" decoding=\"async\" aria-describedby=\"caption-attachment-107238\" class=\"size-medium wp-image-107238\" alt=\"Ospedale S.M. Goretti di Latina\" src=\"http:\/\/www.radioluna.it\/news\/wp-content\/uploads\/2011\/07\/Ospedale_Santa_Maria_Goretti_di_Latina-300x225.jpg\" width=\"300\" height=\"225\" \/><\/a><p id=\"caption-attachment-107238\" class=\"wp-caption-text\">Ospedale S.M. Goretti di Latina<\/p><\/div>\n<p style=\"text-align: justify;\">LATINA &#8211; Con i suoi 250 chili di peso non riusciva pi\u00f9 ad uscire dalla camera da letto, ieri pomeriggio per\u00f2 si \u00e8 sentita male e per portarla in ospedale \u00e8 stato necessario attivare una task force. La protagonista della vicenda \u00e8 donna di 47 anni, residente a Latina, affetta da elefantiasi. Negli ultimi giorni i problemi di salute della signora si erano aggravati, tanto da richiederne il ricovero. Per questo i figli hanno allertato il 118 che ha messo in moto la macchina dei soccorsi: sul posto sono intervenuti i i vigili del fuoco che hanno smontato la porta della camera da letto e allargato l&#8217;apertura; un furgone specializzato nel trasporto di disabili e una lettiga adatta al peso della donna per la quale era impossibile utilizzare la normale ambulanza. La signora \u00e8 riuscita cos\u00ec a giungere al Goretti per le cure del caso.<\/p>\n","protected":false},"excerpt":{"rendered":"<p>LATINA &#8211; Con i suoi 250 chili di peso non riusciva pi\u00f9 ad uscire dalla camera da letto, ieri pomeriggio per\u00f2 si \u00e8 sentita male e per portarla in ospedale \u00e8 stato necessario attivare una task force. La protagonista della vicenda \u00e8 donna di 47 anni, residente a Latina, affetta da elefantiasi. Negli ultimi giorni [&hellip;]<\/p>\n","protected":false},"author":60,"featured_media":107238,"comment_status":"open","ping_status":"closed","sticky":false,"template":"","format":"standard","meta":{"footnotes":""},"categories":[7],"tags":[],"class_list":["post-140406","post","type-post","status-publish","format-standard","has-post-thumbnail","hentry","category-cronaca"],"_links":{"self":[{"href":"https:\/\/www.radioluna.it\/news\/wp-json\/wp\/v2\/posts\/140406","targetHints":{"allow":["GET"]}}],"collection":[{"href":"https:\/\/www.radioluna.it\/news\/wp-json\/wp\/v2\/posts"}],"about":[{"href":"https:\/\/www.radioluna.it\/news\/wp-json\/wp\/v2\/types\/post"}],"author":[{"embeddable":true,"href":"https:\/\/www.radioluna.it\/news\/wp-json\/wp\/v2\/users\/60"}],"replies":[{"embeddable":true,"href":"https:\/\/www.radioluna.it\/news\/wp-json\/wp\/v2\/comments?post=140406"}],"version-history":[{"count":0,"href":"https:\/\/www.radioluna.it\/news\/wp-json\/wp\/v2\/posts\/140406\/revisions"}],"wp:featuredmedia":[{"embeddable":true,"href":"https:\/\/www.radioluna.it\/news\/wp-json\/wp\/v2\/media\/107238"}],"wp:attachment":[{"href":"https:\/\/www.radioluna.it\/news\/wp-json\/wp\/v2\/media?parent=140406"}],"wp:term":[{"taxonomy":"category","embeddable":true,"href":"https:\/\/www.radioluna.it\/news\/wp-json\/wp\/v2\/categories?post=140406"},{"taxonomy":"post_tag","embeddable":true,"href":"https:\/\/www.radioluna.it\/news\/wp-json\/wp\/v2\/tags?post=140406"}],"curies":[{"name":"wp","href":"https:\/\/api.w.org\/{rel}","templated":true}]}}