{"id":140543,"date":"2013-09-02T09:17:57","date_gmt":"2013-09-02T07:17:57","guid":{"rendered":"http:\/\/www.radioluna.it\/news\/?p=140543"},"modified":"2013-09-02T09:17:57","modified_gmt":"2013-09-02T07:17:57","slug":"mondiale-juniorestailli-vince-il-bronzo-ad-ankara","status":"publish","type":"post","link":"https:\/\/www.radioluna.it\/news\/2013\/09\/mondiale-juniorestailli-vince-il-bronzo-ad-ankara\/","title":{"rendered":"MONDIALE JUNIORES<BR>TAILLI VINCE IL BRONZO AD ANKARA"},"content":{"rendered":"<div id=\"fb-root\"><\/div>\n<p style=\"text-align: justify;\">LATINA &#8211;\u00a0Daniele <a href=\"http:\/\/www.radioluna.it\/news\/wp-content\/uploads\/2013\/09\/tailli.jpg\"><img loading=\"lazy\" decoding=\"async\" class=\"alignleft size-full wp-image-140544\" alt=\"tailli\" src=\"http:\/\/www.radioluna.it\/news\/wp-content\/uploads\/2013\/09\/tailli.jpg\" width=\"259\" height=\"194\" \/><\/a>\u00a0ha letteralmente trascinato con le sue difese l\u2019Italia alla medaglia di bronzo nel Mondiale Juniores. Ad Ankara, sullo stesso terreno che l\u2019Andreoli Latina aveva calcato nella finale della Coppa Cev, gli azzurrini di Marco Bonitta hanno superato la Francia 3-1 (25-21, 25-16, 20-25, 28-26) salendo sul podio iridato. Un podio che mancava all\u2019Italia da 18 anni, a Kuala Lumpur 1995. Gi\u00e0 campione continentale lo scorso anno, titolo conquistato a Gdynia (Pol) con un 3-1 sulla Spagna, Tailli in questa occasione ha vestito la maglia di libero, ruolo che svolger\u00e0 anche nell\u2019Andreoli.<\/p>\n<p align=\"justify\">Prende il via oggi, 2 settembre, la terza settimana di lavoro dell\u2019Andreoli Latina 2013-14. In attesa di festeggiare il ritorno a Latina di Daniele Tailli, lo staff tecnico coordinato da Roberto Santilli con il vice Dario Simoni ha ripreso le fasi che prevedono il potenziamento intervallato con la tecnica. La parte di potenziamento si svolger\u00e0 alla mattina al Pala Fitness mentre nel pomeriggio si svolger\u00e0 la tecnica al PalaBianchini.<\/p>\n<p style=\"text-align: justify;\">La prima uscita della formazione di Roberto Santilli sar\u00e0 con la nazionale dell\u2019Algeria sabato 7 settembre alle 18 al PalaBianchini. Si replica il giorno dopo, domenica alle 19 stesso avversario e impianto. Gioved\u00ec 12 settembre alle 15.30 allenamento congiunto con la Globo Sora. Saranno le occasioni per lo staff tecnico di poter provare nuovi schemi e trovare la prima amalgama di gruppo. Anche se saranno molti gli assenti: Rossini, Michalovic, Skrimov, Verhees e De Rocco impegnati con le rispettive nazionali. Mentre \u00e8 previsto il rientro di Daniele Tailli dal Mondiale Juniores. Santilli quindi ha gli uomini contati e potrebbe schierare Sottile (Paris) in regia e Torres opposto, Gitto e Candellaro centrali, Fragkos e Noda schiacciatori, Tailli libero.<\/p>\n<p style=\"text-align: justify;\"><b>CONTINUA LA CAMPAGNA ABBONAMENTI \u201cNoi ci saremo, e tu?\u201d<\/b><\/p>\n<p style=\"text-align: justify;\">Con lo slogan\u00a0 \u201cNoi ci saremo, e tu?\u201d continua la campagna abbonamenti per la stagione 2013-14 dell\u2019Andreoli Latina. Sottotitolo \u201cnon perdere tempo e abbonati! Solo cos\u00ec potrai scegliere il tuo posto esclusivo e vedere le partite dei tuoi campioni!\u201d<\/p>\n<p style=\"text-align: justify;\">Molte le novit\u00e0 di quest\u2019anno. La prima riguarda il biglietto unico d\u2019ingresso a 10 euro che dar\u00e0 il diritto a tutti i settori del palazzetto, tribuna mobile e tribune numerate. Unico anche l\u2019abbonamento, che da il diritto ad assistere a 10 gare di campionato, a 90 euro con la possibilit\u00e0 di riservare in anticipo il posto da cui vedere comodamente le partite. Per la fascia di et\u00e0 8-14 e gli over 65 \u00e8 previsto un abbonamento ridotto a 50 euro. Come ogni anno la societ\u00e0 si riserva una partita pro top-volley dove tutti pagheranno, compreso lo staff e la dirigenza. Sono escluse le gare di Challenge Cup e l\u2019eventuale gara di Coppa Italia il cui biglietto unico \u00e8 di 10 euro.<\/p>\n<p style=\"text-align: justify;\">Le tessere sono on vendita nella sede sociale\u00a0 di Via Don Morosini, 125 (primo piano) dalle 17 alle 19 tutti i giorni lavorativi (dal luned\u00ec al venerd\u00ec) per informazioni 0773 41.61.70 e sul sito www.top-volley.it della societ\u00e0.<\/p>\n<p style=\"text-align: justify;\">Andreoli Latina volley A1, noi ci saremo, e tu?<\/p>\n<p style=\"text-align: justify;\"><b>Abbonamenti<\/b><\/p>\n<p style=\"text-align: justify;\">Tribuna mobile non numerata e Tribune numerate 90 euro,<\/p>\n<p style=\"text-align: justify;\">Ridotto 8 ai 14 anni (con obbligo di presentare un documento d&#8217;identit\u00e0 all\u2019ingresso) 50 euro,<\/p>\n<p style=\"text-align: justify;\">Ridotto over 65 (con obbligo di presentare un documento d&#8217;identit\u00e0 all\u2019ingresso) 50 euro<\/p>\n<p>Under 8 entrata libera<\/p>\n<p><b>Biglietti<\/b><\/p>\n<p>Campionato e Challenge Cup<\/p>\n<p>Prezzo unico (tutti i settori) 10 euro<\/p>\n","protected":false},"excerpt":{"rendered":"<p>LATINA &#8211;\u00a0Daniele \u00a0ha letteralmente trascinato con le sue difese l\u2019Italia alla medaglia di bronzo nel Mondiale Juniores. Ad Ankara, sullo stesso terreno che l\u2019Andreoli Latina aveva calcato nella finale della Coppa Cev, gli azzurrini di Marco Bonitta hanno superato la Francia 3-1 (25-21, 25-16, 20-25, 28-26) salendo sul podio iridato. Un podio che mancava all\u2019Italia [&hellip;]<\/p>\n","protected":false},"author":62,"featured_media":140544,"comment_status":"open","ping_status":"closed","sticky":false,"template":"","format":"standard","meta":{"footnotes":""},"categories":[17],"tags":[],"class_list":["post-140543","post","type-post","status-publish","format-standard","has-post-thumbnail","hentry","category-sport"],"_links":{"self":[{"href":"https:\/\/www.radioluna.it\/news\/wp-json\/wp\/v2\/posts\/140543","targetHints":{"allow":["GET"]}}],"collection":[{"href":"https:\/\/www.radioluna.it\/news\/wp-json\/wp\/v2\/posts"}],"about":[{"href":"https:\/\/www.radioluna.it\/news\/wp-json\/wp\/v2\/types\/post"}],"author":[{"embeddable":true,"href":"https:\/\/www.radioluna.it\/news\/wp-json\/wp\/v2\/users\/62"}],"replies":[{"embeddable":true,"href":"https:\/\/www.radioluna.it\/news\/wp-json\/wp\/v2\/comments?post=140543"}],"version-history":[{"count":0,"href":"https:\/\/www.radioluna.it\/news\/wp-json\/wp\/v2\/posts\/140543\/revisions"}],"wp:featuredmedia":[{"embeddable":true,"href":"https:\/\/www.radioluna.it\/news\/wp-json\/wp\/v2\/media\/140544"}],"wp:attachment":[{"href":"https:\/\/www.radioluna.it\/news\/wp-json\/wp\/v2\/media?parent=140543"}],"wp:term":[{"taxonomy":"category","embeddable":true,"href":"https:\/\/www.radioluna.it\/news\/wp-json\/wp\/v2\/categories?post=140543"},{"taxonomy":"post_tag","embeddable":true,"href":"https:\/\/www.radioluna.it\/news\/wp-json\/wp\/v2\/tags?post=140543"}],"curies":[{"name":"wp","href":"https:\/\/api.w.org\/{rel}","templated":true}]}}