{"id":140579,"date":"2013-09-02T16:28:42","date_gmt":"2013-09-02T14:28:42","guid":{"rendered":"http:\/\/www.radioluna.it\/news\/?p=140579"},"modified":"2013-09-02T16:28:42","modified_gmt":"2013-09-02T14:28:42","slug":"compravendita-meno-20-anche-30-in-meno","status":"publish","type":"post","link":"https:\/\/www.radioluna.it\/news\/2013\/09\/compravendita-meno-20-anche-30-in-meno\/","title":{"rendered":"COMPRAVENDITA<BR> Meno 20, anche 30% in meno"},"content":{"rendered":"<div id=\"fb-root\"><\/div>\n<p style=\"text-align: justify;\"><strong><a href=\"http:\/\/www.radioluna.it\/news\/wp-content\/uploads\/2010\/10\/piano-casa.jpg\"><img loading=\"lazy\" decoding=\"async\" class=\"size-medium wp-image-19628 alignleft\" alt=\"piano-casa\" src=\"http:\/\/www.radioluna.it\/news\/wp-content\/uploads\/2010\/10\/piano-casa-300x257.jpg\" width=\"300\" height=\"257\" srcset=\"https:\/\/www.radioluna.it\/news\/wp-content\/uploads\/2010\/10\/piano-casa-300x257.jpg 300w, https:\/\/www.radioluna.it\/news\/wp-content\/uploads\/2010\/10\/piano-casa-500x429.jpg 500w, https:\/\/www.radioluna.it\/news\/wp-content\/uploads\/2010\/10\/piano-casa.jpg 600w\" sizes=\"auto, (max-width: 300px) 100vw, 300px\" \/><\/a>LATINA &#8211;<\/strong> Meno venti, anche meno trenta. Queste le percentuali da brividi fatte registrare dal termometro delle locazioni turistiche nella provincia latinense. \u00abI numeri &#8211; impietosi &#8211; sono confermati da tutte le latitudini del litorale, afferma il delegato nazionale Fiaip per il turismo, Salvatore Meneghello, agente di Terracina. \u00abAgosto gi\u00e0 da due o tre anni sta ridimensionando notevolmente la domanda, ma quest&#8217;anno il calo \u00e8 stato eclatante, in generale oltre il 20%\u00bb. Salvo eccezioni, prosegue Meneghello, tengono abbastanza giugno e luglio, in considerazione della minor spesa rispetto all\u2019alta stagione seppur quest\u2019anno il maltempo abbia fortemente penalizzato i primi mesi estivi. \u00abLa tendenza della durata della locazione \u00e8 sulla settimana (45%) o 15 giorni (35%); poche richieste per il mese intero (20%)\u00bb.<br \/>\nUn bollettino di guerra quello che enuncia da Sabaudia l\u2019agente Anna Risi: \u00abA Luglio abbiamo toccato anche il meno 50%: complici le incerte condizioni meteo, la citt\u00e0 era vuota\u00bb. Stagione ripresa per i capelli poco prima dell\u2019inizio di agosto, che \u00e8 andato meno peggio e, a voler trovare un segnale incoraggiante &#8211; continua l\u2019agente -, inaspettati appuntamenti per le vendite. \u00abPer le quali \u2013 riprende Meneghello \u2013 c\u2019\u00e8 stato effettivamente un incremento di richieste, soprattutto dall\u2019estero (Russia, Germania, Regno Unito)\u00bb. Solo per l\u2019immobile di qualit\u00e0, per\u00f2: abitazioni di pregio, in prossimit\u00e0 della spiaggia, vista mare. Il medio-basso invece soffre, e parecchio. \u00abIl mercato delle compravendite, seppur vivace rispetto al recentissimo passato in cui era totalmente fermo, \u00e8 comunque ancora in contrazione. Entro uno o due anni al massimo si stabilizzer\u00e0\u00bb.<br \/>\nConcorde l\u2019agente Fiaip Giovanna Di Vito, da Sperlonga: \u00abIl bene\/rifugio del mattone \u00e8 ancora molto considerato: abbastanza positive anche qui le compravendite per gli immobili di qualit\u00e0. Affitti invece in calo di circa il 30% anche nella perla del Tirreno, sia in termini di richieste che di canoni di locazione\u00bb.<br \/>\nVittorio Piscitelli, agente Fiaip di Formia, ribadisce le difficolt\u00e0 congiunturali sugli affitti, ma prova a fornire la sua ricetta per uscirne: \u00abOk la crisi \u2013 sostiene il professionista -, ma occorre un cambio di marcia tra i proprietari. Puntare sulla qualit\u00e0: chi arriva deve trovare sul posto alloggi forniti di biancheria, stoviglie e tutti i comfort per una permanenza breve. I locatori sono invece molto restii ad investire per rendere gli alloggi adatti a soggiorni di questo tipo, e continuano a proporre immobili costruiti negli anni \u201860\/\u201970 e rimasti tali e quali, con tutte le rughe fisiologiche\u00bb.<br \/>\nIl Presidente provinciale Fiaip Latina Santino Nardi prova a tirare le somme: \u00abSicuramente quella che sta volgendo al termine \u00e8 stata un\u2019estate particolare, non solo per le altalenanti condizioni meteo \u2013 dichiara il Presidente \u2013, ma condizionata dal difficile momento finanziario e occupazionale che ha investito il nostro Paese\u00bb. Molti i fattori che stanno determinando la crisi del turistico e dell\u2019immobiliare in generale. Eppure nonostante l&#8217;IMU, la TARSU e la crisi finanziaria con un pi\u00f9 ridotto flusso di prestiti bancari per l&#8217;investimento immobiliare, il &#8220;mattone&#8221; resta in testa alle preferenze di investimento degli italiani, col 35% di preferenze. Staremo a vedere il recente stop all\u2019IMU incentiver\u00e0 la ripresa nelle compravendite o la tassa rifiorir\u00e0 sotto altre spoglie. \u00abTuttavia \u2013 ammonisce Nardi &#8211; oggi il mercato offre molte opportunit\u00e0 che andrebbero colte: Fiaip chiede all\u2019amministrazione nazionale e locale di non dimenticare che il settore immobiliare rappresenta il 20% del PIL e che disincentivare il settore vuole dire gettare sulla strada centinaia di migliaia di lavoratori autonomi e dipendenti\u00bb.<\/p>\n","protected":false},"excerpt":{"rendered":"<p>LATINA &#8211; Meno venti, anche meno trenta. Queste le percentuali da brividi fatte registrare dal termometro delle locazioni turistiche nella provincia latinense. \u00abI numeri &#8211; impietosi &#8211; sono confermati da tutte le latitudini del litorale, afferma il delegato nazionale Fiaip per il turismo, Salvatore Meneghello, agente di Terracina. \u00abAgosto gi\u00e0 da due o tre anni [&hellip;]<\/p>\n","protected":false},"author":60,"featured_media":19628,"comment_status":"open","ping_status":"closed","sticky":false,"template":"","format":"standard","meta":{"footnotes":""},"categories":[11],"tags":[],"class_list":["post-140579","post","type-post","status-publish","format-standard","has-post-thumbnail","hentry","category-economia"],"_links":{"self":[{"href":"https:\/\/www.radioluna.it\/news\/wp-json\/wp\/v2\/posts\/140579","targetHints":{"allow":["GET"]}}],"collection":[{"href":"https:\/\/www.radioluna.it\/news\/wp-json\/wp\/v2\/posts"}],"about":[{"href":"https:\/\/www.radioluna.it\/news\/wp-json\/wp\/v2\/types\/post"}],"author":[{"embeddable":true,"href":"https:\/\/www.radioluna.it\/news\/wp-json\/wp\/v2\/users\/60"}],"replies":[{"embeddable":true,"href":"https:\/\/www.radioluna.it\/news\/wp-json\/wp\/v2\/comments?post=140579"}],"version-history":[{"count":0,"href":"https:\/\/www.radioluna.it\/news\/wp-json\/wp\/v2\/posts\/140579\/revisions"}],"wp:featuredmedia":[{"embeddable":true,"href":"https:\/\/www.radioluna.it\/news\/wp-json\/wp\/v2\/media\/19628"}],"wp:attachment":[{"href":"https:\/\/www.radioluna.it\/news\/wp-json\/wp\/v2\/media?parent=140579"}],"wp:term":[{"taxonomy":"category","embeddable":true,"href":"https:\/\/www.radioluna.it\/news\/wp-json\/wp\/v2\/categories?post=140579"},{"taxonomy":"post_tag","embeddable":true,"href":"https:\/\/www.radioluna.it\/news\/wp-json\/wp\/v2\/tags?post=140579"}],"curies":[{"name":"wp","href":"https:\/\/api.w.org\/{rel}","templated":true}]}}