{"id":140583,"date":"2013-09-02T18:27:54","date_gmt":"2013-09-02T16:27:54","guid":{"rendered":"http:\/\/www.radioluna.it\/news\/?p=140583"},"modified":"2013-09-02T18:27:54","modified_gmt":"2013-09-02T16:27:54","slug":"mare-sicuro-il-bilancio-della-capitaneria","status":"publish","type":"post","link":"https:\/\/www.radioluna.it\/news\/2013\/09\/mare-sicuro-il-bilancio-della-capitaneria\/","title":{"rendered":"MARE SICURO<BR> Il bilancio della capitaneria"},"content":{"rendered":"<div id=\"fb-root\"><\/div>\n<div id=\"attachment_52148\" style=\"width: 310px\" class=\"wp-caption alignnone\"><a href=\"http:\/\/www.radioluna.it\/news\/wp-content\/uploads\/2010\/12\/capitaneria-di-porto.jpg\"><img loading=\"lazy\" decoding=\"async\" aria-describedby=\"caption-attachment-52148\" class=\"size-medium wp-image-52148\" alt=\"Capitaneria di Porto\" src=\"http:\/\/www.radioluna.it\/news\/wp-content\/uploads\/2010\/12\/capitaneria-di-porto-300x199.jpg\" width=\"300\" height=\"199\" srcset=\"https:\/\/www.radioluna.it\/news\/wp-content\/uploads\/2010\/12\/capitaneria-di-porto-300x199.jpg 300w, https:\/\/www.radioluna.it\/news\/wp-content\/uploads\/2010\/12\/capitaneria-di-porto.jpg 470w\" sizes=\"auto, (max-width: 300px) 100vw, 300px\" \/><\/a><p id=\"caption-attachment-52148\" class=\"wp-caption-text\">Capitaneria di Porto<\/p><\/div>\n<p style=\"text-align: justify;\"><strong>GAETA &#8211;<\/strong> Superato il giro di boa del ferragosto che ha rappresentato il massimo sforzo operativo per la Guardia Costiera, l\u2019operazione \u201cMare Sicuro 2013\u201d continua a tenere impegnato il personale della Guardia Costiera laziale nelle attivit\u00e0 a tutela della sicurezza della balneazione.<br \/>\nIl dispositivo messo in atto dagli uomini e donne delle Capitanerie di porto di Civitavecchia, Fiumicino, Gaeta e degli altri Uffici minori ha visto impiegate pattuglie a terra ed unit\u00e0 navali sia costiere che d\u2019altura, oltre a numerosi mezzi minori. L\u2019arma in pi\u00f9, nei giorni \u201cpi\u00f9 caldi\u201d, \u00e8 stata sicuramente l\u2019utilizzo di unit\u00e0 alturiere, quali le Motovedette CP305 e CP284, impegnate in missioni prolungate di vigilanza e controllo lungo tutto il litorale laziale, comprese le isole pontine, che hanno cos\u00ec conferito un ulteriore gradiente di sicurezza allo svolgimento delle attivit\u00e0 di balneazione, riscuotendo apprezzamento e consenso da parte dei sindaci dei Comuni rivieraschi.<br \/>\nTra i fatti di maggior rilievo \u00e8 senz\u2019altro da segnalare il soccorso che \u00e8 stato portato a termine con successo il 17 agosto u.s. nei pressi di Palmarola ad una nave da diporto classificata \u201ccommercial vessel\u201d di 40 metri con tredici persone a bordo, incagliata su un basso fondale.<br \/>\nL\u2019impegno profuso dagli uomini delle Capitanerie di porto ha portato al raggiungimento di un numero ragguardevole di controlli, tra sopralluoghi e accertamenti, in materia di pesca, diporto, traffici marittimi, ambiente e demanio. Per effetto delle verifiche effettuate, sono stati finora elevati 575 processi verbali e redatte 59 notizie di reato.<br \/>\nSono inoltre stati rilasciati 295 bollini blu alle unit\u00e0 da diporto nell\u2019intera Direzione marittima.<br \/>\nL\u2019attivit\u00e0 di vigilanza e controllo da parte dei militari della Guardia Costiera, recepita con grande apprezzamento da parte delle istituzioni locali e dagli utenti del mare, sia bagnanti che diportisti, ha toccato anche altri ambiti, quali il rispetto della normativa in materia di sicurezza della navigazione.<br \/>\nIn particolare, \u00e8 degno di nota il controllo che \u00e8 stato effettuato su due unit\u00e0 passeggeri, sulle tratte Formia- Ponza e Formia-Ventotene, al termine del quale sono state poste sotto sequestro giudiziario 117 cinture di sicurezza, giudicate non idonee, ed \u00e8 stata sospesa una linea per mancanza di un piano di sicurezza a bordo.<\/p>\n<p style=\"text-align: justify;\">Particolare attenzione \u00e8 stata posta anche sul traffico marittimo in ingresso ed uscita dal porto di Civitavecchia, nel quale sono stati registrati dati record. Solo nel giorno di ferragosto, pi\u00f9 di 82.000 passeggeri sono transitati nel porto di Civitavecchia, tra navi da crociera e di linea. Nonostante l\u2019immenso afflusso, il traffico portuale si \u00e8 svolto regolarmente.<\/p>\n<p>&nbsp;<\/p>\n","protected":false},"excerpt":{"rendered":"<p>GAETA &#8211; Superato il giro di boa del ferragosto che ha rappresentato il massimo sforzo operativo per la Guardia Costiera, l\u2019operazione \u201cMare Sicuro 2013\u201d continua a tenere impegnato il personale della Guardia Costiera laziale nelle attivit\u00e0 a tutela della sicurezza della balneazione. Il dispositivo messo in atto dagli uomini e donne delle Capitanerie di porto [&hellip;]<\/p>\n","protected":false},"author":60,"featured_media":52148,"comment_status":"open","ping_status":"closed","sticky":false,"template":"","format":"standard","meta":{"footnotes":""},"categories":[7],"tags":[],"class_list":["post-140583","post","type-post","status-publish","format-standard","has-post-thumbnail","hentry","category-cronaca"],"_links":{"self":[{"href":"https:\/\/www.radioluna.it\/news\/wp-json\/wp\/v2\/posts\/140583","targetHints":{"allow":["GET"]}}],"collection":[{"href":"https:\/\/www.radioluna.it\/news\/wp-json\/wp\/v2\/posts"}],"about":[{"href":"https:\/\/www.radioluna.it\/news\/wp-json\/wp\/v2\/types\/post"}],"author":[{"embeddable":true,"href":"https:\/\/www.radioluna.it\/news\/wp-json\/wp\/v2\/users\/60"}],"replies":[{"embeddable":true,"href":"https:\/\/www.radioluna.it\/news\/wp-json\/wp\/v2\/comments?post=140583"}],"version-history":[{"count":0,"href":"https:\/\/www.radioluna.it\/news\/wp-json\/wp\/v2\/posts\/140583\/revisions"}],"wp:featuredmedia":[{"embeddable":true,"href":"https:\/\/www.radioluna.it\/news\/wp-json\/wp\/v2\/media\/52148"}],"wp:attachment":[{"href":"https:\/\/www.radioluna.it\/news\/wp-json\/wp\/v2\/media?parent=140583"}],"wp:term":[{"taxonomy":"category","embeddable":true,"href":"https:\/\/www.radioluna.it\/news\/wp-json\/wp\/v2\/categories?post=140583"},{"taxonomy":"post_tag","embeddable":true,"href":"https:\/\/www.radioluna.it\/news\/wp-json\/wp\/v2\/tags?post=140583"}],"curies":[{"name":"wp","href":"https:\/\/api.w.org\/{rel}","templated":true}]}}