{"id":140588,"date":"2013-09-03T07:32:56","date_gmt":"2013-09-03T05:32:56","guid":{"rendered":"http:\/\/www.radioluna.it\/news\/?p=140588"},"modified":"2013-09-03T17:30:27","modified_gmt":"2013-09-03T15:30:27","slug":"tragico-fuori-strada-a-terracina-muore-un-ragazzo-di-21-anni","status":"publish","type":"post","link":"https:\/\/www.radioluna.it\/news\/2013\/09\/tragico-fuori-strada-a-terracina-muore-un-ragazzo-di-21-anni\/","title":{"rendered":"TRAGICO FUORI STRADA A TERRACINA<BR> Muore un ragazzo di 21 anni"},"content":{"rendered":"<div id=\"fb-root\"><\/div>\n<p style=\"text-align: justify;\"><a href=\"http:\/\/www.radioluna.it\/news\/wp-content\/uploads\/2011\/05\/vigili-del-fuoco-di-notte.jpg\"><img loading=\"lazy\" decoding=\"async\" class=\" wp-image-100582 alignleft\" alt=\"vigili-del-fuoco-di-notte\" src=\"http:\/\/www.radioluna.it\/news\/wp-content\/uploads\/2011\/05\/vigili-del-fuoco-di-notte.jpg\" width=\"300\" height=\"190\" srcset=\"https:\/\/www.radioluna.it\/news\/wp-content\/uploads\/2011\/05\/vigili-del-fuoco-di-notte.jpg 500w, https:\/\/www.radioluna.it\/news\/wp-content\/uploads\/2011\/05\/vigili-del-fuoco-di-notte-300x190.jpg 300w\" sizes=\"auto, (max-width: 300px) 100vw, 300px\" \/><\/a>TERRACINA \u00a0&#8211; Tragico incidente stradale nella notte sull&#8217;Appia. al confine tra Terracina e Monte San Biagio. Poco prima delle 23, in localit\u00e0 Barchi, una Lancia \u00a0Y \u00e8 uscita di strada ed \u00e8 finita in un dirupo, ribaltandosi circa quattro metri sotto il livello stradale. Non c&#8217;\u00e8 stato nulla da fare per il conducente, Marco Mirabella, 21 anni. Il ragazzo viaggiava da solo. \u00a0Sul posto per i soccorsi sono arrivati vigili del fuoco, carabinieri e 118.<\/p>\n","protected":false},"excerpt":{"rendered":"<p>TERRACINA \u00a0&#8211; Tragico incidente stradale nella notte sull&#8217;Appia. al confine tra Terracina e Monte San Biagio. Poco prima delle 23, in localit\u00e0 Barchi, una Lancia \u00a0Y \u00e8 uscita di strada ed \u00e8 finita in un dirupo, ribaltandosi circa quattro metri sotto il livello stradale. Non c&#8217;\u00e8 stato nulla da fare per il conducente, Marco Mirabella, [&hellip;]<\/p>\n","protected":false},"author":62,"featured_media":100582,"comment_status":"open","ping_status":"closed","sticky":false,"template":"","format":"standard","meta":{"footnotes":""},"categories":[7],"tags":[],"class_list":["post-140588","post","type-post","status-publish","format-standard","has-post-thumbnail","hentry","category-cronaca"],"_links":{"self":[{"href":"https:\/\/www.radioluna.it\/news\/wp-json\/wp\/v2\/posts\/140588","targetHints":{"allow":["GET"]}}],"collection":[{"href":"https:\/\/www.radioluna.it\/news\/wp-json\/wp\/v2\/posts"}],"about":[{"href":"https:\/\/www.radioluna.it\/news\/wp-json\/wp\/v2\/types\/post"}],"author":[{"embeddable":true,"href":"https:\/\/www.radioluna.it\/news\/wp-json\/wp\/v2\/users\/62"}],"replies":[{"embeddable":true,"href":"https:\/\/www.radioluna.it\/news\/wp-json\/wp\/v2\/comments?post=140588"}],"version-history":[{"count":0,"href":"https:\/\/www.radioluna.it\/news\/wp-json\/wp\/v2\/posts\/140588\/revisions"}],"wp:featuredmedia":[{"embeddable":true,"href":"https:\/\/www.radioluna.it\/news\/wp-json\/wp\/v2\/media\/100582"}],"wp:attachment":[{"href":"https:\/\/www.radioluna.it\/news\/wp-json\/wp\/v2\/media?parent=140588"}],"wp:term":[{"taxonomy":"category","embeddable":true,"href":"https:\/\/www.radioluna.it\/news\/wp-json\/wp\/v2\/categories?post=140588"},{"taxonomy":"post_tag","embeddable":true,"href":"https:\/\/www.radioluna.it\/news\/wp-json\/wp\/v2\/tags?post=140588"}],"curies":[{"name":"wp","href":"https:\/\/api.w.org\/{rel}","templated":true}]}}