{"id":140628,"date":"2013-09-03T16:34:05","date_gmt":"2013-09-03T14:34:05","guid":{"rendered":"http:\/\/www.radioluna.it\/news\/?p=140628"},"modified":"2013-09-03T16:34:05","modified_gmt":"2013-09-03T14:34:05","slug":"agricoltura-gli-sbocchi-occupazionali-secondo-lassessore","status":"publish","type":"post","link":"https:\/\/www.radioluna.it\/news\/2013\/09\/agricoltura-gli-sbocchi-occupazionali-secondo-lassessore\/","title":{"rendered":"AGRICOLTURA<BR> Gli sbocchi occupazionali secondo l&#8217;assessore"},"content":{"rendered":"<div id=\"fb-root\"><\/div>\n<p style=\"text-align: justify;\"><strong><a href=\"http:\/\/www.radioluna.it\/news\/wp-content\/uploads\/2010\/10\/agricoltura_alta.jpg\"><img loading=\"lazy\" decoding=\"async\" class=\"alignleft size-medium wp-image-30731\" alt=\"agricoltura_alta\" src=\"http:\/\/www.radioluna.it\/news\/wp-content\/uploads\/2010\/10\/agricoltura_alta-300x200.jpg\" width=\"300\" height=\"200\" srcset=\"https:\/\/www.radioluna.it\/news\/wp-content\/uploads\/2010\/10\/agricoltura_alta-300x200.jpg 300w, https:\/\/www.radioluna.it\/news\/wp-content\/uploads\/2010\/10\/agricoltura_alta-500x335.jpg 500w, https:\/\/www.radioluna.it\/news\/wp-content\/uploads\/2010\/10\/agricoltura_alta-600x400.jpg 600w, https:\/\/www.radioluna.it\/news\/wp-content\/uploads\/2010\/10\/agricoltura_alta.jpg 747w\" sizes=\"auto, (max-width: 300px) 100vw, 300px\" \/><\/a>LATINA &#8211;<\/strong> \u201cL\u2019agricoltura \u00e8 il settore che pi\u00f9 di tutti pu\u00f2 offrire sbocchi occupazionali ai giovani e opportunit\u00e0 di\u00a0 inclusione sociale alle fasce pi\u00f9 deboli\u201d. Lo ha detto Sonia Ricci, assessore all\u2019agricoltura della Regione Lazio, durante il workshop organizzato dall\u2019Aiab, \u201cRicomincio dal Bio\u201d che si \u00e8 svolto oggi a Roma presso la Citt\u00e0 dell\u2019Altra Economia. Il progetto, realizzato in collaborazione con il Ministero della Giustizia, \u00e8 finalizzato ad attivare percorsi di responsabilizzazione e reinserimento di giovani detenuti, attraverso l&#8217;avvicinamento e la pratica dell&#8217;orticoltura biologica.<\/p>\n<p style=\"text-align: justify;\">\u201cI ragazzi disagiati, grazie a progetti simili \u2013 ha aggiunto l\u2019assessore Ricci &#8211; imparano ad applicare sui campi le tecniche e le pratiche agricole pi\u00f9 diffuse, vedono i frutti concreti del loro lavoro e acquisiscono nuove prospettive e speranze per un futuro migliore. Il nostro impegno \u00e8 quello di far diventare gli orti sociali, da realt\u00e0 di nicchia a segmenti produttivi sempre pi\u00f9 importanti nel Lazio. Per questo dobbiamo lavorare per offrire gli strumenti opportuni, incentivando la qualit\u00e0 delle produzioni e favorendo la distribuzione sui mercati, non soltanto nella vendita diretta, ma anche attraverso accordi con le associazioni dei consumatori.<\/p>\n<p style=\"text-align: justify;\">Il mio assessorato \u00e8 sensibile a tipologie simili di progetto, che vedano coinvolte anche le aziende del settore per un\u2019effettiva reintegrazione dei giovani nel mondo del lavoro\u201d.<\/p>\n<p>&nbsp;<\/p>\n","protected":false},"excerpt":{"rendered":"<p>LATINA &#8211; \u201cL\u2019agricoltura \u00e8 il settore che pi\u00f9 di tutti pu\u00f2 offrire sbocchi occupazionali ai giovani e opportunit\u00e0 di\u00a0 inclusione sociale alle fasce pi\u00f9 deboli\u201d. Lo ha detto Sonia Ricci, assessore all\u2019agricoltura della Regione Lazio, durante il workshop organizzato dall\u2019Aiab, \u201cRicomincio dal Bio\u201d che si \u00e8 svolto oggi a Roma presso la Citt\u00e0 dell\u2019Altra Economia. [&hellip;]<\/p>\n","protected":false},"author":60,"featured_media":30731,"comment_status":"open","ping_status":"closed","sticky":false,"template":"","format":"standard","meta":{"footnotes":""},"categories":[11],"tags":[],"class_list":["post-140628","post","type-post","status-publish","format-standard","has-post-thumbnail","hentry","category-economia"],"_links":{"self":[{"href":"https:\/\/www.radioluna.it\/news\/wp-json\/wp\/v2\/posts\/140628","targetHints":{"allow":["GET"]}}],"collection":[{"href":"https:\/\/www.radioluna.it\/news\/wp-json\/wp\/v2\/posts"}],"about":[{"href":"https:\/\/www.radioluna.it\/news\/wp-json\/wp\/v2\/types\/post"}],"author":[{"embeddable":true,"href":"https:\/\/www.radioluna.it\/news\/wp-json\/wp\/v2\/users\/60"}],"replies":[{"embeddable":true,"href":"https:\/\/www.radioluna.it\/news\/wp-json\/wp\/v2\/comments?post=140628"}],"version-history":[{"count":0,"href":"https:\/\/www.radioluna.it\/news\/wp-json\/wp\/v2\/posts\/140628\/revisions"}],"wp:featuredmedia":[{"embeddable":true,"href":"https:\/\/www.radioluna.it\/news\/wp-json\/wp\/v2\/media\/30731"}],"wp:attachment":[{"href":"https:\/\/www.radioluna.it\/news\/wp-json\/wp\/v2\/media?parent=140628"}],"wp:term":[{"taxonomy":"category","embeddable":true,"href":"https:\/\/www.radioluna.it\/news\/wp-json\/wp\/v2\/categories?post=140628"},{"taxonomy":"post_tag","embeddable":true,"href":"https:\/\/www.radioluna.it\/news\/wp-json\/wp\/v2\/tags?post=140628"}],"curies":[{"name":"wp","href":"https:\/\/api.w.org\/{rel}","templated":true}]}}