{"id":140630,"date":"2013-09-03T16:45:43","date_gmt":"2013-09-03T14:45:43","guid":{"rendered":"http:\/\/www.radioluna.it\/news\/?p=140630"},"modified":"2013-09-03T16:45:43","modified_gmt":"2013-09-03T14:45:43","slug":"automedica-h24-a-latina-scalo","status":"publish","type":"post","link":"https:\/\/www.radioluna.it\/news\/2013\/09\/automedica-h24-a-latina-scalo\/","title":{"rendered":"AUTOMEDICA H24<BR> A Latina Scalo"},"content":{"rendered":"<div id=\"fb-root\"><\/div>\n<p style=\"text-align: justify;\"><strong><a href=\"http:\/\/www.radioluna.it\/news\/wp-content\/uploads\/2011\/11\/ambulanza-2.jpg\"><img loading=\"lazy\" decoding=\"async\" class=\"alignleft size-full wp-image-111532\" alt=\"ambulanza-2\" src=\"http:\/\/www.radioluna.it\/news\/wp-content\/uploads\/2011\/11\/ambulanza-2.jpg\" width=\"240\" height=\"104\" \/><\/a>LATINA &#8211;<\/strong> La Direzione ARES 118 regionale ha comunicato al sindaco di Latina, Giovanni Di Giorgi, di aver rimodulato l\u2019attivit\u00e0 di intervento al cittadino in caso di emergenza sanitaria nel territorio della citt\u00e0 di Latina. A seguito della lettera di richiesta del sindaco di Latina, la Direzione di ARES 118 comunica, infatti, che dalle ore 14 di oggi, 3 settembre, a Latina Scalo sar\u00e0 operativa H24 una automedica (con infermiere e medico a bordo).<\/p>\n<p style=\"text-align: justify;\">Grazie a questo mezzo, si avr\u00e0 la possibilit\u00e0 di medicalizzare tutti i codici rossi su cui interverranno le 4 ambulanze che gi\u00e0 operano nel capoluogo pontino.<\/p>\n<p style=\"text-align: justify;\">La stessa Direzione di ARES 118 ha preso, inoltre, contatti con la ASL di Latina per convenzionare medici al fine di istituire un&#8217;altra automedica in citt\u00e0. In caso di risposta affermativa, saranno due le automediche operanti nel territorio del comune di Latina.<\/p>\n<p style=\"text-align: justify;\">\u201cRingrazio la Direzione Ares 118 regionale, in particolare il Direttore Generale Antonio de Santis, per la sensibilit\u00e0 dimostrata rispetto alle esigenze del territorio \u2013 afferma il sindaco Giovanni Di Giorgi &#8211; accogliendo la mia richiesta. L\u2019istituzione di una automedica a Latina Scalo e la programmazione di una seconda unit\u00e0 al centro della citt\u00e0 sono segnali molto importanti che vanno nella direzione di fornire risposte concrete alle esigenze dei cittadini. Pi\u00f9 in generale, mi conforta il fatto che le preoccupazioni sollevate da me e da altri esponenti istituzionali pontini circa la necessit\u00e0 di rivedere il nuovo servizio sanitario regionale 118, siano state accolte dal presidente Zingaretti. Sono convinto che si possa giungere a una rimodulazione del piano grazie anche da una attenta e puntuale collaborazione tra tutte le componenti, istituzionali e non, in campo\u201d.<\/p>\n<p style=\"text-align: justify;\">\n<p style=\"text-align: justify;\">Nei giorni scorsi il sindaco Di Giorgi, dopo aver ricevuto una rappresentanza dei lavoratori del 118 di Latina, aveva inviato una lettera al Direttore Generale ARES 118, Antonio de Santis, al Direttore Sanitario ARES 118, Rosssella Carucci, e al Direttore Sanitario ARES 118, Giosu\u00e8 Calabrese.<\/p>\n<p style=\"text-align: justify;\">Nella missiva il sindaco Di Giorgi aveva preso posizione relativamente al nuovo servizio sanitario regionale 118, che prevede, tra l\u2019altro, la soppressione di una ambulanza del 118 attiva nel territorio di Latina.<\/p>\n<p style=\"text-align: justify;\">In ragione di tutto questo il sindaco aveva chiesto ai vertici Ares 118 un immediato e risolutivo intervento che vada nella direzione di una continuit\u00e0 lavorativa delle maestranze Ares.<\/p>\n<p>&nbsp;<\/p>\n<p>&nbsp;<\/p>\n","protected":false},"excerpt":{"rendered":"<p>LATINA &#8211; La Direzione ARES 118 regionale ha comunicato al sindaco di Latina, Giovanni Di Giorgi, di aver rimodulato l\u2019attivit\u00e0 di intervento al cittadino in caso di emergenza sanitaria nel territorio della citt\u00e0 di Latina. A seguito della lettera di richiesta del sindaco di Latina, la Direzione di ARES 118 comunica, infatti, che dalle ore [&hellip;]<\/p>\n","protected":false},"author":60,"featured_media":111532,"comment_status":"open","ping_status":"closed","sticky":false,"template":"","format":"standard","meta":{"footnotes":""},"categories":[7],"tags":[],"class_list":["post-140630","post","type-post","status-publish","format-standard","has-post-thumbnail","hentry","category-cronaca"],"_links":{"self":[{"href":"https:\/\/www.radioluna.it\/news\/wp-json\/wp\/v2\/posts\/140630","targetHints":{"allow":["GET"]}}],"collection":[{"href":"https:\/\/www.radioluna.it\/news\/wp-json\/wp\/v2\/posts"}],"about":[{"href":"https:\/\/www.radioluna.it\/news\/wp-json\/wp\/v2\/types\/post"}],"author":[{"embeddable":true,"href":"https:\/\/www.radioluna.it\/news\/wp-json\/wp\/v2\/users\/60"}],"replies":[{"embeddable":true,"href":"https:\/\/www.radioluna.it\/news\/wp-json\/wp\/v2\/comments?post=140630"}],"version-history":[{"count":0,"href":"https:\/\/www.radioluna.it\/news\/wp-json\/wp\/v2\/posts\/140630\/revisions"}],"wp:featuredmedia":[{"embeddable":true,"href":"https:\/\/www.radioluna.it\/news\/wp-json\/wp\/v2\/media\/111532"}],"wp:attachment":[{"href":"https:\/\/www.radioluna.it\/news\/wp-json\/wp\/v2\/media?parent=140630"}],"wp:term":[{"taxonomy":"category","embeddable":true,"href":"https:\/\/www.radioluna.it\/news\/wp-json\/wp\/v2\/categories?post=140630"},{"taxonomy":"post_tag","embeddable":true,"href":"https:\/\/www.radioluna.it\/news\/wp-json\/wp\/v2\/tags?post=140630"}],"curies":[{"name":"wp","href":"https:\/\/api.w.org\/{rel}","templated":true}]}}