{"id":140701,"date":"2013-09-05T09:35:21","date_gmt":"2013-09-05T07:35:21","guid":{"rendered":"http:\/\/www.radioluna.it\/news\/?p=140701"},"modified":"2013-09-05T09:35:21","modified_gmt":"2013-09-05T07:35:21","slug":"terracina-calcio-la-polemica-abbiamo-un-problema-la-citta-ci-snobba","status":"publish","type":"post","link":"https:\/\/www.radioluna.it\/news\/2013\/09\/terracina-calcio-la-polemica-abbiamo-un-problema-la-citta-ci-snobba\/","title":{"rendered":"TERRACINA CALCIO, LA POLEMICA<BR> &#8220;Abbiamo un problema, la citt\u00e0 ci snobba&#8221;"},"content":{"rendered":"<div id=\"fb-root\"><\/div>\n<p style=\"text-align: justify;\"><a href=\"http:\/\/www.radioluna.it\/news\/wp-content\/uploads\/2013\/09\/terracina-calcio-stemma.jpg\"><img loading=\"lazy\" decoding=\"async\" class=\"alignleft size-medium wp-image-140702\" alt=\"terracina calcio stemma\" src=\"http:\/\/www.radioluna.it\/news\/wp-content\/uploads\/2013\/09\/terracina-calcio-stemma-300x83.jpg\" width=\"300\" height=\"83\" \/><\/a>TERRACINA &#8211; Domenica 1 settembre \u00e8 cominciato il campionato di serie D con i tigrotti in\u00a0campo. Dopo la promozione e i festeggiamenti, per\u00f2, la societ\u00e0 lamenta lo scarso attaccamento alla maglia da parte degli imprenditori che dovrebbero sostenerla e della citt\u00e0 in genere che vorrebbero pi\u00f9 presente. La polemica \u00e8 dura ed \u00e8 in una lettera che la societ\u00e0 ha inviato ai media e che qui pubblichiamo integralmente.<\/p>\n<p style=\"text-align: justify;\">IL TESTO INTEGRALE \u00a0&#8211; &#8220;Un\u2019attesa durata nove anni, una vittoria che mancava a Terracina da ben 17 (alla faccia della scaramanzia). Ma \u201cil successo ha un gusto amaro\u201d recitava una pubblicit\u00e0 del passato. Non tutti evidentemente in citt\u00e0 hanno gradito.<br \/>\nDietro ai sorrisi e alle strette di mano di facciata c\u2019\u00e8 chi forse si \u00e8 sentito \u00a0minacciato. \u201cChe il mio prezioso orticello sia in pericolo?\u201d, avr\u00e0 pensato con \u00a0la solita \u201cinfallibile\u201d lungimiranza. Ma se a questo atteggiamento siamo\u00a0purtroppo abituati, alcune cose facciamo un po\u2019 fatica a comprenderle appieno.<\/p>\n<p style=\"text-align: justify;\">Dove sono gli imprenditori di questa citt\u00e0? Come mai non rispondono (tranne \u00a0alcuni, s\u2019intende)? Solo tutta colpa della crisi? Dove sono le centinaia di \u00a0persone (tranne alcune, s\u2019intende) che ci hanno seguito nel corso della passata stagione e che erano a Piazza Mazzini a festeggiare la storica vittoria lo scorso giugno? Come mai non ci manifestano il loro entusiasmo abbonandosi quest\u2019anno? Solo tutta colpa della crisi? Non vorremmo ricevere una quantit\u00e0<br \/>\nspropositata di richieste di accredito per assistere alle partite o di tessere omaggio \u2026 tanto, siatene certi, non verranno accolte. L\u2019attaccamento alla Prima Squadra della propria citt\u00e0 si dimostra con i fatti, partecipando, e non con<br \/>\nparole adulanti. Problema Stadio a parte (problema che questa Societ\u00e0 sta cercando di risolvere con ogni mezzo e a \u201ccarissimo prezzo\u201d ), ci saremmo aspettati e ci aspettiamo una risposta diversa dalla nostra citt\u00e0, impegnata<br \/>\nsempre pi\u00f9 a disfare che a fare o, forse sarebbe pi\u00f9 giusto dire, a fare pur di\u00a0fare (torto agli altri), spesso improvvisando. societ\u00e0 che nascono come funghi \u00a0per dividersi una torta sempre pi\u00f9 piccola in una citt\u00e0 che non ha un<br \/>\npotenziale illimitato; societ\u00e0 che nascono oggi per morire dopodomani allo scopo di non si sa bene cosa. Cos\u00ec non va. Dall\u2019alto dei nostri 88 anni di storia, permetteteci di dire una cosa: Terracina, abbiamo un problema.<br \/>\nP.S. Un Grazie speciale ai ragazzi della Curva Mare. Pronti a Crederci,<br \/>\nsempre&#8221;.<\/p>\n<p style=\"text-align: justify;\">Terracina Calcio 1925<\/p>\n","protected":false},"excerpt":{"rendered":"<p>TERRACINA &#8211; Domenica 1 settembre \u00e8 cominciato il campionato di serie D con i tigrotti in\u00a0campo. Dopo la promozione e i festeggiamenti, per\u00f2, la societ\u00e0 lamenta lo scarso attaccamento alla maglia da parte degli imprenditori che dovrebbero sostenerla e della citt\u00e0 in genere che vorrebbero pi\u00f9 presente. La polemica \u00e8 dura ed \u00e8 in una [&hellip;]<\/p>\n","protected":false},"author":62,"featured_media":140702,"comment_status":"open","ping_status":"closed","sticky":false,"template":"","format":"standard","meta":{"footnotes":""},"categories":[17],"tags":[],"class_list":["post-140701","post","type-post","status-publish","format-standard","has-post-thumbnail","hentry","category-sport"],"_links":{"self":[{"href":"https:\/\/www.radioluna.it\/news\/wp-json\/wp\/v2\/posts\/140701","targetHints":{"allow":["GET"]}}],"collection":[{"href":"https:\/\/www.radioluna.it\/news\/wp-json\/wp\/v2\/posts"}],"about":[{"href":"https:\/\/www.radioluna.it\/news\/wp-json\/wp\/v2\/types\/post"}],"author":[{"embeddable":true,"href":"https:\/\/www.radioluna.it\/news\/wp-json\/wp\/v2\/users\/62"}],"replies":[{"embeddable":true,"href":"https:\/\/www.radioluna.it\/news\/wp-json\/wp\/v2\/comments?post=140701"}],"version-history":[{"count":0,"href":"https:\/\/www.radioluna.it\/news\/wp-json\/wp\/v2\/posts\/140701\/revisions"}],"wp:featuredmedia":[{"embeddable":true,"href":"https:\/\/www.radioluna.it\/news\/wp-json\/wp\/v2\/media\/140702"}],"wp:attachment":[{"href":"https:\/\/www.radioluna.it\/news\/wp-json\/wp\/v2\/media?parent=140701"}],"wp:term":[{"taxonomy":"category","embeddable":true,"href":"https:\/\/www.radioluna.it\/news\/wp-json\/wp\/v2\/categories?post=140701"},{"taxonomy":"post_tag","embeddable":true,"href":"https:\/\/www.radioluna.it\/news\/wp-json\/wp\/v2\/tags?post=140701"}],"curies":[{"name":"wp","href":"https:\/\/api.w.org\/{rel}","templated":true}]}}