{"id":140744,"date":"2013-09-09T08:12:00","date_gmt":"2013-09-09T06:12:00","guid":{"rendered":"http:\/\/www.radioluna.it\/news\/?p=140744"},"modified":"2013-09-09T10:53:17","modified_gmt":"2013-09-09T08:53:17","slug":"raccolta-differenzia-e-cosi-difficile","status":"publish","type":"post","link":"https:\/\/www.radioluna.it\/news\/2013\/09\/raccolta-differenzia-e-cosi-difficile\/","title":{"rendered":"RACCOLTA DIFFERENZIATA<BR> E&#8217; cos\u00ec difficile?"},"content":{"rendered":"<div id=\"fb-root\"><\/div>\n<p style=\"text-align: justify;\"><a href=\"http:\/\/www.radioluna.it\/news\/wp-content\/uploads\/2013\/09\/raccolta-differenziata.jpg\"><img loading=\"lazy\" decoding=\"async\" class=\"aligncenter size-full wp-image-140746\" alt=\"raccolta differenziata\" src=\"http:\/\/www.radioluna.it\/news\/wp-content\/uploads\/2013\/09\/raccolta-differenziata.jpg\" width=\"1000\" height=\"750\" srcset=\"https:\/\/www.radioluna.it\/news\/wp-content\/uploads\/2013\/09\/raccolta-differenziata.jpg 1000w, https:\/\/www.radioluna.it\/news\/wp-content\/uploads\/2013\/09\/raccolta-differenziata-768x576.jpg 768w, https:\/\/www.radioluna.it\/news\/wp-content\/uploads\/2013\/09\/raccolta-differenziata-500x375.jpg 500w, https:\/\/www.radioluna.it\/news\/wp-content\/uploads\/2013\/09\/raccolta-differenziata-300x225.jpg 300w, https:\/\/www.radioluna.it\/news\/wp-content\/uploads\/2013\/09\/raccolta-differenziata-800x600.jpg 800w\" sizes=\"auto, (max-width: 1000px) 100vw, 1000px\" \/><\/a> LATINA &#8211; Era sindaco il senatore Ajmone Finestra quando fu inaugurata la raccolta differenziata a Latina. Oggi, a distanza di quindici anni circa, ci sono cittadini di Latina che ancora non hanno imparato a farla. \u00a0N\u00e9 il gestore sembra accorgersene. Eloquente \u00e8 l&#8217;immagine scattata in uno dei punti di raccolta, dove si vede chiaramente che nei contenitori gialli c&#8217;\u00e8 di tutto: bottiglie di vetro e di plastica, comune spazzatura indifferenziata, acqua piovana ormai putrida, persino un tappetino da doccia. Eppure non esiste cosa pi\u00f9 semplice che separare la carta pulita dagli altri rifiuti.<\/p>\n<p style=\"text-align: justify;\">LE ALTRE FOTO<\/p>\n<p style=\"text-align: justify;\">[nggallery id=145]<\/p>\n","protected":false},"excerpt":{"rendered":"<p>LATINA &#8211; Era sindaco il senatore Ajmone Finestra quando fu inaugurata la raccolta differenziata a Latina. Oggi, a distanza di quindici anni circa, ci sono cittadini di Latina che ancora non hanno imparato a farla. \u00a0N\u00e9 il gestore sembra accorgersene. Eloquente \u00e8 l&#8217;immagine scattata in uno dei punti di raccolta, dove si vede chiaramente che [&hellip;]<\/p>\n","protected":false},"author":62,"featured_media":140746,"comment_status":"open","ping_status":"closed","sticky":false,"template":"","format":"standard","meta":{"footnotes":""},"categories":[735],"tags":[],"class_list":["post-140744","post","type-post","status-publish","format-standard","has-post-thumbnail","hentry","category-attualita"],"_links":{"self":[{"href":"https:\/\/www.radioluna.it\/news\/wp-json\/wp\/v2\/posts\/140744","targetHints":{"allow":["GET"]}}],"collection":[{"href":"https:\/\/www.radioluna.it\/news\/wp-json\/wp\/v2\/posts"}],"about":[{"href":"https:\/\/www.radioluna.it\/news\/wp-json\/wp\/v2\/types\/post"}],"author":[{"embeddable":true,"href":"https:\/\/www.radioluna.it\/news\/wp-json\/wp\/v2\/users\/62"}],"replies":[{"embeddable":true,"href":"https:\/\/www.radioluna.it\/news\/wp-json\/wp\/v2\/comments?post=140744"}],"version-history":[{"count":0,"href":"https:\/\/www.radioluna.it\/news\/wp-json\/wp\/v2\/posts\/140744\/revisions"}],"wp:featuredmedia":[{"embeddable":true,"href":"https:\/\/www.radioluna.it\/news\/wp-json\/wp\/v2\/media\/140746"}],"wp:attachment":[{"href":"https:\/\/www.radioluna.it\/news\/wp-json\/wp\/v2\/media?parent=140744"}],"wp:term":[{"taxonomy":"category","embeddable":true,"href":"https:\/\/www.radioluna.it\/news\/wp-json\/wp\/v2\/categories?post=140744"},{"taxonomy":"post_tag","embeddable":true,"href":"https:\/\/www.radioluna.it\/news\/wp-json\/wp\/v2\/tags?post=140744"}],"curies":[{"name":"wp","href":"https:\/\/api.w.org\/{rel}","templated":true}]}}